{"id":5911,"date":"2026-04-24T09:37:26","date_gmt":"2026-04-24T08:37:26","guid":{"rendered":"https:\/\/www.radiomais.ao\/?p=5911"},"modified":"2026-04-24T09:37:26","modified_gmt":"2026-04-24T08:37:26","slug":"mpla-acusa-unita-de-tentar-perturbar-instituicoes-com-lei-da-oposicao-democratica","status":"publish","type":"post","link":"https:\/\/www.radiomais.ao\/index.php\/2026\/04\/24\/mpla-acusa-unita-de-tentar-perturbar-instituicoes-com-lei-da-oposicao-democratica\/","title":{"rendered":"MPLA acusa UNITA de tentar \u201cperturbar institui\u00e7\u00f5es\u201d com lei da oposi\u00e7\u00e3o democr\u00e1tica."},"content":{"rendered":"\n<p><strong>O deputado do MPLA, Jo\u00e3o Mpilamosi Domingos, acusou nesta Quinta-feira a UNITA de pretender \u201cperturbar as institui\u00e7\u00f5es democraticamente eleitas\u201d e criar um \u201cgoverno sombra\u201d, durante o debate do Projecto de Lei sobre o Exerc\u00edcio da Oposi\u00e7\u00e3o Democr\u00e1tica, iniciativa da bancada parlamentar da UNITA, que, no entanto, foi reprovado na generalidade com 79 votos a favor, 96 contra e duas absten\u00e7\u00f5es. Debate tem continuidade hoje<\/strong><\/p>\n\n\n\n<p>A sess\u00e3o plen\u00e1ria ficou marcada por momentos de elevada tens\u00e3o, que levaram mesmo \u00e0 suspens\u00e3o tempor\u00e1ria dos trabalhos. Na reabertura, o presi- dente da Assembleia Nacional apelou \u00e0 serenidade, ao respeito m\u00fatuo e ao cumprimento das regras do debate parlamentar, e evocou a simbologia da Mulemba como espa\u00e7o de di\u00e1logo e concilia\u00e7\u00e3o. Retomados os trabalhos, Jo\u00e3o Mpilamosi Domingos centrou a sua interven\u00e7\u00e3o no artigo 5.\u00ba da proposta, relativo \u00e0 consulta pr\u00e9via da oposi\u00e7\u00e3o.<\/p>\n\n\n\n<p>O parlamentar alertou para os riscos que, no seu entender, a medida pode representar para o funcionamento do Estado, sobretudo no que diz respeito ao Or\u00e7amento Geral do Estado (OGE). \u201cO OGE \u00e9 o principal instrumento de planeamento financeiro e pol\u00edtico de qualquer governo. Sem OGE, o governo para\u201d, afirmou, advertindo que a obrigatoriedade de consulta pr\u00e9via poderia gerar bloqueios institucionais com impacto no pagamento dos sal\u00e1rios, execu\u00e7\u00e3o dos investimentos p\u00fablicos e resposta social do Estado.<\/p>\n\n\n\n<p>Na sua leitura, o diploma abre espa\u00e7o para uma potencial crise institucional, ao admitir mesmo cen\u00e1rios que poderiam culminar na dissolu\u00e7\u00e3o da Assembleia Nacional e na convoca\u00e7\u00e3o de elei\u00e7\u00f5es antecipadas, nos termos constitucionais. \u201cDigam l\u00e1 se isso n\u00e3o \u00e9 grave, se isso n\u00e3o \u00e9 perigoso\u201d, questionou.<\/p>\n","protected":false},"excerpt":{"rendered":"<p>O deputado do MPLA, Jo\u00e3o Mpilamosi Domingos, acusou nesta Quinta-feira a UNITA de pretender \u201cperturbar as institui\u00e7\u00f5es democraticamente eleitas\u201d e criar um \u201cgoverno sombra\u201d, durante o debate do Projecto de Lei sobre o Exerc\u00edcio da Oposi\u00e7\u00e3o Democr\u00e1tica, iniciativa da bancada parlamentar da UNITA, que, no entanto, foi reprovado na generalidade com 79 votos a favor, [&hellip;]<\/p>\n","protected":false},"author":3,"featured_media":5912,"comment_status":"open","ping_status":"open","sticky":false,"template":"","format":"standard","meta":{"footnotes":""},"categories":[16],"tags":[2468],"class_list":["post-5911","post","type-post","status-publish","format-standard","has-post-thumbnail","hentry","category-actualidade","tag-mpla-acusa-unita-de-tentar-perturbar-instituicoes"],"blocksy_meta":[],"_links":{"self":[{"href":"https:\/\/www.radiomais.ao\/index.php\/wp-json\/wp\/v2\/posts\/5911","targetHints":{"allow":["GET"]}}],"collection":[{"href":"https:\/\/www.radiomais.ao\/index.php\/wp-json\/wp\/v2\/posts"}],"about":[{"href":"https:\/\/www.radiomais.ao\/index.php\/wp-json\/wp\/v2\/types\/post"}],"author":[{"embeddable":true,"href":"https:\/\/www.radiomais.ao\/index.php\/wp-json\/wp\/v2\/users\/3"}],"replies":[{"embeddable":true,"href":"https:\/\/www.radiomais.ao\/index.php\/wp-json\/wp\/v2\/comments?post=5911"}],"version-history":[{"count":1,"href":"https:\/\/www.radiomais.ao\/index.php\/wp-json\/wp\/v2\/posts\/5911\/revisions"}],"predecessor-version":[{"id":5913,"href":"https:\/\/www.radiomais.ao\/index.php\/wp-json\/wp\/v2\/posts\/5911\/revisions\/5913"}],"wp:featuredmedia":[{"embeddable":true,"href":"https:\/\/www.radiomais.ao\/index.php\/wp-json\/wp\/v2\/media\/5912"}],"wp:attachment":[{"href":"https:\/\/www.radiomais.ao\/index.php\/wp-json\/wp\/v2\/media?parent=5911"}],"wp:term":[{"taxonomy":"category","embeddable":true,"href":"https:\/\/www.radiomais.ao\/index.php\/wp-json\/wp\/v2\/categories?post=5911"},{"taxonomy":"post_tag","embeddable":true,"href":"https:\/\/www.radiomais.ao\/index.php\/wp-json\/wp\/v2\/tags?post=5911"}],"curies":[{"name":"wp","href":"https:\/\/api.w.org\/{rel}","templated":true}]}}