{"id":5914,"date":"2026-04-24T09:40:47","date_gmt":"2026-04-24T08:40:47","guid":{"rendered":"https:\/\/www.radiomais.ao\/?p=5914"},"modified":"2026-04-24T09:40:47","modified_gmt":"2026-04-24T08:40:47","slug":"tribunal-de-contas-aprova-parecer-sobre-a-conta-geral-do-estado-de-2024","status":"publish","type":"post","link":"https:\/\/www.radiomais.ao\/index.php\/2026\/04\/24\/tribunal-de-contas-aprova-parecer-sobre-a-conta-geral-do-estado-de-2024\/","title":{"rendered":"Tribunal de contas aprova parecer sobre a Conta Geral do Estado de 2024."},"content":{"rendered":"\n<p><strong>O Tribunal de Contas de Angola aprovou, recentemente, em Sess\u00e3o Plen\u00e1ria Ordin\u00e1ria, o parecer sobre a Conta Geral do Estado (PCGE) referente ao exerc\u00edcio econ\u00f3mico de 2024, dando cumprimento \u00e0s suas atribui\u00e7\u00f5es constitucionais e legais no dom\u00ednio da fiscaliza\u00e7\u00e3o externa das finan\u00e7as p\u00fablicas<\/strong><\/p>\n\n\n\n<p>A sess\u00e3o foi presidida pelo juiz conselheiro presidente, Sebasti\u00e3o Gunza, e teve como ponto central da agenda a aprecia\u00e7\u00e3o t\u00e9cnica e institucional do documento, que constitui um instrumento fundamental de apoio \u00e0 Assembleia Nacional no exerc\u00edcio do controlo pol\u00edtico da execu\u00e7\u00e3o do Or\u00e7amento Geral do Estado.<\/p>\n\n\n\n<p>O parecer agora aprovado representa a 14.\u00aa aprecia\u00e7\u00e3o da Conta Geral do Estado pelo Tribunal de Contas e incide sobre a actividade financeira do Estado nos dom\u00ednios das receitas, despesas, tesouraria, cr\u00e9dito p\u00fablico e patrim\u00f3nio, incluindo a Conta da Seguran\u00e7a Social.<\/p>\n\n\n\n<p>A an\u00e1lise abrange um universo alargado de entidades p\u00fablicas, reflectindo a complexidade e a abrang\u00eancia da gest\u00e3o financeira do Estado angolano. No exerc\u00edcio das suas compet\u00eancias, o Tribunal avaliou o grau de conformidade da execu\u00e7\u00e3o or\u00e7amental com a legisla\u00e7\u00e3o em vigor, com base em crit\u00e9rios de legalidade, rigor t\u00e9cnico e fiabilidade da informa\u00e7\u00e3o, tendo igualmente formulado 15 recomenda\u00e7\u00f5es, das quais quatro pela primeira vez, com vista ao aperfei\u00e7oamento da gest\u00e3o econ\u00f3mica e financeira dos recursos p\u00fablicos.<\/p>\n","protected":false},"excerpt":{"rendered":"<p>O Tribunal de Contas de Angola aprovou, recentemente, em Sess\u00e3o Plen\u00e1ria Ordin\u00e1ria, o parecer sobre a Conta Geral do Estado (PCGE) referente ao exerc\u00edcio econ\u00f3mico de 2024, dando cumprimento \u00e0s suas atribui\u00e7\u00f5es constitucionais e legais no dom\u00ednio da fiscaliza\u00e7\u00e3o externa das finan\u00e7as p\u00fablicas A sess\u00e3o foi presidida pelo juiz conselheiro presidente, Sebasti\u00e3o Gunza, e teve [&hellip;]<\/p>\n","protected":false},"author":3,"featured_media":5915,"comment_status":"open","ping_status":"open","sticky":false,"template":"","format":"standard","meta":{"footnotes":""},"categories":[16],"tags":[2469],"class_list":["post-5914","post","type-post","status-publish","format-standard","has-post-thumbnail","hentry","category-actualidade","tag-tribunal-de-contas-aprova-parecer-sobre-a-conta-geral-do-estado-de-2024"],"blocksy_meta":[],"_links":{"self":[{"href":"https:\/\/www.radiomais.ao\/index.php\/wp-json\/wp\/v2\/posts\/5914","targetHints":{"allow":["GET"]}}],"collection":[{"href":"https:\/\/www.radiomais.ao\/index.php\/wp-json\/wp\/v2\/posts"}],"about":[{"href":"https:\/\/www.radiomais.ao\/index.php\/wp-json\/wp\/v2\/types\/post"}],"author":[{"embeddable":true,"href":"https:\/\/www.radiomais.ao\/index.php\/wp-json\/wp\/v2\/users\/3"}],"replies":[{"embeddable":true,"href":"https:\/\/www.radiomais.ao\/index.php\/wp-json\/wp\/v2\/comments?post=5914"}],"version-history":[{"count":1,"href":"https:\/\/www.radiomais.ao\/index.php\/wp-json\/wp\/v2\/posts\/5914\/revisions"}],"predecessor-version":[{"id":5916,"href":"https:\/\/www.radiomais.ao\/index.php\/wp-json\/wp\/v2\/posts\/5914\/revisions\/5916"}],"wp:featuredmedia":[{"embeddable":true,"href":"https:\/\/www.radiomais.ao\/index.php\/wp-json\/wp\/v2\/media\/5915"}],"wp:attachment":[{"href":"https:\/\/www.radiomais.ao\/index.php\/wp-json\/wp\/v2\/media?parent=5914"}],"wp:term":[{"taxonomy":"category","embeddable":true,"href":"https:\/\/www.radiomais.ao\/index.php\/wp-json\/wp\/v2\/categories?post=5914"},{"taxonomy":"post_tag","embeddable":true,"href":"https:\/\/www.radiomais.ao\/index.php\/wp-json\/wp\/v2\/tags?post=5914"}],"curies":[{"name":"wp","href":"https:\/\/api.w.org\/{rel}","templated":true}]}}