{"id":593,"date":"2025-06-25T09:31:17","date_gmt":"2025-06-25T08:31:17","guid":{"rendered":"https:\/\/www.radiomais.ao\/?p=593"},"modified":"2025-06-25T09:31:17","modified_gmt":"2025-06-25T08:31:17","slug":"crianca-que-nasceu-sem-os-olhos-no-mussulo-clama-por-apoio","status":"publish","type":"post","link":"https:\/\/www.radiomais.ao\/index.php\/2025\/06\/25\/crianca-que-nasceu-sem-os-olhos-no-mussulo-clama-por-apoio\/","title":{"rendered":"Crian\u00e7a que nasceu sem os olhos no Mussulo clama por apoio."},"content":{"rendered":"\n<p>O centro de sa\u00fade do Mussulo deparou-se, ontem, com dois casos in\u00e9ditos naquela circunscri\u00e7\u00e3o, o do nascimento dos primeiros trig\u00e9meos e o caso de uma crian\u00e7a que n\u00e3o tem os dois olhos. Quanto ao segundo caso, a Administra\u00e7\u00e3o local sensibilizou-se com a situa\u00e7\u00e3o e garante apoio total \u00e0 fam\u00edlia. Fonte <strong><em><a href=\"https:\/\/www.opais.ao\/sociedade\/crianca-que-nasceu-sem-os-olhos-no-mussulo-clama-por-apoio\/\">Opa\u00eds<\/a><\/em><\/strong><\/p>\n\n\n\n<p><\/p>\n","protected":false},"excerpt":{"rendered":"<p>O centro de sa\u00fade do Mussulo deparou-se, ontem, com dois casos in\u00e9ditos naquela circunscri\u00e7\u00e3o, o do nascimento dos primeiros trig\u00e9meos e o caso de uma crian\u00e7a que n\u00e3o tem os dois olhos. Quanto ao segundo caso, a Administra\u00e7\u00e3o local sensibilizou-se com a situa\u00e7\u00e3o e garante apoio total \u00e0 fam\u00edlia. Fonte Opa\u00eds<\/p>\n","protected":false},"author":3,"featured_media":595,"comment_status":"open","ping_status":"open","sticky":false,"template":"","format":"standard","meta":{"footnotes":""},"categories":[16],"tags":[39],"class_list":["post-593","post","type-post","status-publish","format-standard","has-post-thumbnail","hentry","category-actualidade","tag-crianca-que-nasceu-sem-os-olhos"],"blocksy_meta":[],"_links":{"self":[{"href":"https:\/\/www.radiomais.ao\/index.php\/wp-json\/wp\/v2\/posts\/593","targetHints":{"allow":["GET"]}}],"collection":[{"href":"https:\/\/www.radiomais.ao\/index.php\/wp-json\/wp\/v2\/posts"}],"about":[{"href":"https:\/\/www.radiomais.ao\/index.php\/wp-json\/wp\/v2\/types\/post"}],"author":[{"embeddable":true,"href":"https:\/\/www.radiomais.ao\/index.php\/wp-json\/wp\/v2\/users\/3"}],"replies":[{"embeddable":true,"href":"https:\/\/www.radiomais.ao\/index.php\/wp-json\/wp\/v2\/comments?post=593"}],"version-history":[{"count":1,"href":"https:\/\/www.radiomais.ao\/index.php\/wp-json\/wp\/v2\/posts\/593\/revisions"}],"predecessor-version":[{"id":596,"href":"https:\/\/www.radiomais.ao\/index.php\/wp-json\/wp\/v2\/posts\/593\/revisions\/596"}],"wp:featuredmedia":[{"embeddable":true,"href":"https:\/\/www.radiomais.ao\/index.php\/wp-json\/wp\/v2\/media\/595"}],"wp:attachment":[{"href":"https:\/\/www.radiomais.ao\/index.php\/wp-json\/wp\/v2\/media?parent=593"}],"wp:term":[{"taxonomy":"category","embeddable":true,"href":"https:\/\/www.radiomais.ao\/index.php\/wp-json\/wp\/v2\/categories?post=593"},{"taxonomy":"post_tag","embeddable":true,"href":"https:\/\/www.radiomais.ao\/index.php\/wp-json\/wp\/v2\/tags?post=593"}],"curies":[{"name":"wp","href":"https:\/\/api.w.org\/{rel}","templated":true}]}}