{"id":5955,"date":"2026-04-27T09:36:47","date_gmt":"2026-04-27T08:36:47","guid":{"rendered":"https:\/\/www.radiomais.ao\/?p=5955"},"modified":"2026-04-27T09:36:47","modified_gmt":"2026-04-27T08:36:47","slug":"executivo-avisa-que-dividas-com-inss-e-agt-condicionam-acesso-as-medidas-de-alivio-economico-em-benguela","status":"publish","type":"post","link":"https:\/\/www.radiomais.ao\/index.php\/2026\/04\/27\/executivo-avisa-que-dividas-com-inss-e-agt-condicionam-acesso-as-medidas-de-alivio-economico-em-benguela\/","title":{"rendered":"Executivo avisa que d\u00edvidas com INSS e AGT condicionam acesso \u00e0s medidas de al\u00edvio econ\u00f3mico em Benguela."},"content":{"rendered":"\n<p><strong>O Executivo , que tem aprovado uma linha de cr\u00e9dito de 30 mil milh\u00f5es de kwanzas para o al\u00edvio econ\u00f3mico, para fazer face aos danos econ\u00f3micos provocados pelas cheias ocorridas no pa\u00eds, avisa que a empresa que tiver d\u00edvidas para com a Seguran\u00e7a Social e a Administra\u00e7\u00e3o Geral Tribut\u00e1ria (AGT) n\u00e3o est\u00e1, em princ\u00edpio, habilitada para aceder \u00e0s medidas de al\u00edvio econ\u00f3mico. O ministro do Com\u00e9rcio e Ind\u00fastria, Rui Migu\u00eais, esclarece que a situa\u00e7\u00e3o fiscal regularizada do agente econ\u00f3mico \u00e9 uma das condi\u00e7\u00f5es \u201csine qua non\u201d<\/strong><\/p>\n\n\n\n<p>Combater o risco de insolv\u00eancia de empresas afectadas pelas cheias e, por conseguinte, fazer funcionar a economia \u00e9 o que moveu o Executivo Central a aprovar uma linha de cr\u00e9dito de 30 mil milh\u00f5es de kwanzas. Cada empresa afectada dever\u00e1 solicitar um cr\u00e9dito cujo valor n\u00e3o exceda os 300 milh\u00f5es de kwanzas, numa operacionaliza\u00e7\u00e3o do Banco de Poupan\u00e7a e Cr\u00e9dito (BPC).<\/p>\n\n\n\n<p>Por\u00e9m, para que as empresas possam aceder, o Servi\u00e7o de Protec\u00e7\u00e3o Civil e Bombeiros deve aferir se quem est\u00e1 a candidatar-se ao cr\u00e9dito sofreu de facto com as enxurradas, mediante a emiss\u00e3o de uma declara\u00e7\u00e3o, segundo regras estabelecidas pelo Governo. O ministro do Com\u00e9rcio e Ind\u00fastria, Rui Migu\u00eais, ressalta que, ao agente econ\u00f3mico, cabe a descri\u00e7\u00e3o dos danos por categoria, devendo citar danos relativos aos pequenos equipamentos e a mercadorias, ao tempo que deve referenciar os respectivos valores.<\/p>\n\n\n\n<p>Uma outra condi\u00e7\u00e3o de acesso, conforme o governante fez saber, e considerada essencial para garantir a justi\u00e7a social a todos, \u00e9 o de que o lesado n\u00e3o possua d\u00edvidas com o INSS e AGT. \u201cOu seja, todos os agentes que tenham sofrido com essa calamidade natural, apesar dessa condi\u00e7\u00e3o ser a primeira, a segunda condi\u00e7\u00e3o, sine quanon, \u00e9 que tenham a sua situa\u00e7\u00e3o fiscal regularizada\u201d, avisa, ao refor\u00e7ar que a taxa de juro para essa opera\u00e7\u00e3o de financiamento \u00e9 7, 5 por cento ao ano, sendo que o prazo para submiss\u00e3o dos pedidos de empr\u00e9stimo vai at\u00e9 ao dia 30 de Junho de 2026.<\/p>\n","protected":false},"excerpt":{"rendered":"<p>O Executivo , que tem aprovado uma linha de cr\u00e9dito de 30 mil milh\u00f5es de kwanzas para o al\u00edvio econ\u00f3mico, para fazer face aos danos econ\u00f3micos provocados pelas cheias ocorridas no pa\u00eds, avisa que a empresa que tiver d\u00edvidas para com a Seguran\u00e7a Social e a Administra\u00e7\u00e3o Geral Tribut\u00e1ria (AGT) n\u00e3o est\u00e1, em princ\u00edpio, habilitada [&hellip;]<\/p>\n","protected":false},"author":3,"featured_media":5956,"comment_status":"open","ping_status":"open","sticky":false,"template":"","format":"standard","meta":{"footnotes":""},"categories":[1],"tags":[606,22,2482],"class_list":["post-5955","post","type-post","status-publish","format-standard","has-post-thumbnail","hentry","category-uncategorized","tag-agt","tag-destaque","tag-dividas-inss"],"blocksy_meta":[],"_links":{"self":[{"href":"https:\/\/www.radiomais.ao\/index.php\/wp-json\/wp\/v2\/posts\/5955","targetHints":{"allow":["GET"]}}],"collection":[{"href":"https:\/\/www.radiomais.ao\/index.php\/wp-json\/wp\/v2\/posts"}],"about":[{"href":"https:\/\/www.radiomais.ao\/index.php\/wp-json\/wp\/v2\/types\/post"}],"author":[{"embeddable":true,"href":"https:\/\/www.radiomais.ao\/index.php\/wp-json\/wp\/v2\/users\/3"}],"replies":[{"embeddable":true,"href":"https:\/\/www.radiomais.ao\/index.php\/wp-json\/wp\/v2\/comments?post=5955"}],"version-history":[{"count":1,"href":"https:\/\/www.radiomais.ao\/index.php\/wp-json\/wp\/v2\/posts\/5955\/revisions"}],"predecessor-version":[{"id":5957,"href":"https:\/\/www.radiomais.ao\/index.php\/wp-json\/wp\/v2\/posts\/5955\/revisions\/5957"}],"wp:featuredmedia":[{"embeddable":true,"href":"https:\/\/www.radiomais.ao\/index.php\/wp-json\/wp\/v2\/media\/5956"}],"wp:attachment":[{"href":"https:\/\/www.radiomais.ao\/index.php\/wp-json\/wp\/v2\/media?parent=5955"}],"wp:term":[{"taxonomy":"category","embeddable":true,"href":"https:\/\/www.radiomais.ao\/index.php\/wp-json\/wp\/v2\/categories?post=5955"},{"taxonomy":"post_tag","embeddable":true,"href":"https:\/\/www.radiomais.ao\/index.php\/wp-json\/wp\/v2\/tags?post=5955"}],"curies":[{"name":"wp","href":"https:\/\/api.w.org\/{rel}","templated":true}]}}