{"id":5958,"date":"2026-04-27T09:51:20","date_gmt":"2026-04-27T08:51:20","guid":{"rendered":"https:\/\/www.radiomais.ao\/?p=5958"},"modified":"2026-04-27T09:51:20","modified_gmt":"2026-04-27T08:51:20","slug":"presidente-da-republica-reforca-poderes-da-anpg-para-melhor-atender-aos-desafios-actuais-do-sector","status":"publish","type":"post","link":"https:\/\/www.radiomais.ao\/index.php\/2026\/04\/27\/presidente-da-republica-reforca-poderes-da-anpg-para-melhor-atender-aos-desafios-actuais-do-sector\/","title":{"rendered":"Presidente da Rep\u00fablica refor\u00e7a poderes da ANPG para melhor atender aos desafios actuais do sector."},"content":{"rendered":"\n<p><strong>O Presidente da Rep\u00fablica, Jo\u00e3o Louren\u00e7o, refor\u00e7ou, recentemente, o poder da Ag\u00eancia Nacional de Petr\u00f3leo, G\u00e1s e Biocombust\u00edveis (ANPG) com o estabelecimento de um novo modelo operativo que assenta em sistemas de informa\u00e7\u00e3o e processos \u00e1geis, que a vai dotar dos meios adequados para enfrentar os actuais desafios do sector<\/strong><\/p>\n\n\n\n<p>A Ag\u00eancia passa a ter a miss\u00e3o de assegurar a promo\u00e7\u00e3o de investimento para a constru\u00e7\u00e3o e gest\u00e3o de infra-estrutura usada na fase intermedi\u00e1ria da ind\u00fastria de petr\u00f3leo e g\u00e1s natural depois de serem extra\u00eddos, designada em ingl\u00eas por midstream, segundo o Decreto Presidencial n.\u00ba 73\/26, de 23 de Abril, a que o jornal OPA\u00cdS teve acesso.<\/p>\n\n\n\n<p>Jo\u00e3o Louren\u00e7o conferiu poderes \u00e0 aludida ag\u00eancia, afecta ao Minist\u00e9rio dos Recursos Minerais e Petr\u00f3leo, de criar o quadro regulat\u00f3rio para a actividade de explora\u00e7\u00e3o e produ\u00e7\u00e3o do petr\u00f3leo e g\u00e1s natural, para a actividade de transporte, armazenamento e processamento do g\u00e1s natural, bem como para a actividade dos biocombust\u00edveis. Assim, por imperativo legal, o Conselho de Administra\u00e7\u00e3o da ANPG passou a ter poderes de \u201cpropor e emitir parecer sobre as medidas legislativas ou regulamentares relativas \u00e0s opera\u00e7\u00f5es petrol\u00edferas\u201d.<\/p>\n\n\n\n<p>O Titular do Poder Executivo acredita que, com a altera\u00e7\u00e3o da sua estrutura org\u00e2nica e do quadro de pessoal, a Ag\u00eancia vai passar a ter maior efici\u00eancia t\u00e9cnica, permitindo a especializa\u00e7\u00e3o das equipas e o controlo rigoroso na gest\u00e3o das suas actividades. J\u00e1 que passa a ser a respons\u00e1vel por criar tamb\u00e9m as normas de regula\u00e7\u00e3o e de promo\u00e7\u00e3o das actividades da cadeia de valor do g\u00e1s natural e toda a sua cadeia de valor, incluindo a liquefa\u00e7\u00e3o, regaseifica\u00e7\u00e3o, venda e o acesso por terceiros.<\/p>\n","protected":false},"excerpt":{"rendered":"<p>O Presidente da Rep\u00fablica, Jo\u00e3o Louren\u00e7o, refor\u00e7ou, recentemente, o poder da Ag\u00eancia Nacional de Petr\u00f3leo, G\u00e1s e Biocombust\u00edveis (ANPG) com o estabelecimento de um novo modelo operativo que assenta em sistemas de informa\u00e7\u00e3o e processos \u00e1geis, que a vai dotar dos meios adequados para enfrentar os actuais desafios do sector A Ag\u00eancia passa a ter [&hellip;]<\/p>\n","protected":false},"author":3,"featured_media":5959,"comment_status":"open","ping_status":"open","sticky":false,"template":"","format":"standard","meta":{"footnotes":""},"categories":[16],"tags":[2483,132],"class_list":["post-5958","post","type-post","status-publish","format-standard","has-post-thumbnail","hentry","category-actualidade","tag-poderes-da-anpg-para-melhor-atender-aos-desafios-actuais-do-sector","tag-pr"],"blocksy_meta":[],"_links":{"self":[{"href":"https:\/\/www.radiomais.ao\/index.php\/wp-json\/wp\/v2\/posts\/5958","targetHints":{"allow":["GET"]}}],"collection":[{"href":"https:\/\/www.radiomais.ao\/index.php\/wp-json\/wp\/v2\/posts"}],"about":[{"href":"https:\/\/www.radiomais.ao\/index.php\/wp-json\/wp\/v2\/types\/post"}],"author":[{"embeddable":true,"href":"https:\/\/www.radiomais.ao\/index.php\/wp-json\/wp\/v2\/users\/3"}],"replies":[{"embeddable":true,"href":"https:\/\/www.radiomais.ao\/index.php\/wp-json\/wp\/v2\/comments?post=5958"}],"version-history":[{"count":1,"href":"https:\/\/www.radiomais.ao\/index.php\/wp-json\/wp\/v2\/posts\/5958\/revisions"}],"predecessor-version":[{"id":5960,"href":"https:\/\/www.radiomais.ao\/index.php\/wp-json\/wp\/v2\/posts\/5958\/revisions\/5960"}],"wp:featuredmedia":[{"embeddable":true,"href":"https:\/\/www.radiomais.ao\/index.php\/wp-json\/wp\/v2\/media\/5959"}],"wp:attachment":[{"href":"https:\/\/www.radiomais.ao\/index.php\/wp-json\/wp\/v2\/media?parent=5958"}],"wp:term":[{"taxonomy":"category","embeddable":true,"href":"https:\/\/www.radiomais.ao\/index.php\/wp-json\/wp\/v2\/categories?post=5958"},{"taxonomy":"post_tag","embeddable":true,"href":"https:\/\/www.radiomais.ao\/index.php\/wp-json\/wp\/v2\/tags?post=5958"}],"curies":[{"name":"wp","href":"https:\/\/api.w.org\/{rel}","templated":true}]}}