{"id":5961,"date":"2026-04-27T10:02:36","date_gmt":"2026-04-27T09:02:36","guid":{"rendered":"https:\/\/www.radiomais.ao\/?p=5961"},"modified":"2026-04-27T10:02:36","modified_gmt":"2026-04-27T09:02:36","slug":"mpla-e-pt-reforcam-lacos-de-cooperacao-durante-congresso-partidario-no-brasil","status":"publish","type":"post","link":"https:\/\/www.radiomais.ao\/index.php\/2026\/04\/27\/mpla-e-pt-reforcam-lacos-de-cooperacao-durante-congresso-partidario-no-brasil\/","title":{"rendered":"MPLA e PT refor\u00e7am la\u00e7os de coopera\u00e7\u00e3o durante congresso partid\u00e1rio no Brasil."},"content":{"rendered":"\n<p><strong>O MPLA participa, desde S\u00e1bado, no congresso do Partido dos Trabalhadores (PT), que decorre em Bras\u00edlia, Brasil, num encontro que refor\u00e7a as rela\u00e7\u00f5es entre for\u00e7as progressistas e a an\u00e1lise dos principais desafios internacionais<\/strong><\/p>\n\n\n\n<p>Adelega\u00e7\u00e3o angolana \u00e9 chefiada por M\u00e1rio Pinto de Andrade, secret\u00e1rio do Bureau Pol\u00edtico para a Reforma do Estado, Administra\u00e7\u00e3o P\u00fablica e Autarquias, que tem participado activamente nos debates. Entre os temas em destaque, esteve a reflex\u00e3o sobre \u201cOs desafios da esquerda e dos sectores democr\u00e1ticos nos Estados Unidos da Am\u00e9rica\u201d.<\/p>\n\n\n\n<p>No quadro das actividades pol\u00edticas, o dirigente integrou v\u00e1rios pain\u00e9is, com realce para os dedicados aos Assuntos Africanos e \u00e0 Cidadania e Luta pela Igualdade. Nestes espa\u00e7os, participaram figuras como a deputada Benedita da Silva e representantes do Executivo liderado por Luiz In\u00e1cio Lula da Silva.<\/p>\n\n\n\n<p>Num dos principais momentos do congresso, subordinado ao tema \u201cA crise do multilateralismo e a reforma da governan\u00e7a global como fundamento para a paz\u201d, M\u00e1rio Pinto de Andrade reiterou posi\u00e7\u00f5es defendidas pelo Presidente Jo\u00e3o Louren\u00e7o nos f\u00f3runs internacionais como as Na\u00e7\u00f5es Unidas e a Uni\u00e3o Africana. O respons\u00e1vel sublinhou a necessidade de um multilateralismo mais inclusivo e reformado, defendendo, em particular, a urg\u00eancia da reforma do Conselho de Seguran\u00e7a, com a inclus\u00e3o de \u00c1frica como membro permanente.<\/p>\n","protected":false},"excerpt":{"rendered":"<p>O MPLA participa, desde S\u00e1bado, no congresso do Partido dos Trabalhadores (PT), que decorre em Bras\u00edlia, Brasil, num encontro que refor\u00e7a as rela\u00e7\u00f5es entre for\u00e7as progressistas e a an\u00e1lise dos principais desafios internacionais Adelega\u00e7\u00e3o angolana \u00e9 chefiada por M\u00e1rio Pinto de Andrade, secret\u00e1rio do Bureau Pol\u00edtico para a Reforma do Estado, Administra\u00e7\u00e3o P\u00fablica e Autarquias, [&hellip;]<\/p>\n","protected":false},"author":3,"featured_media":5962,"comment_status":"open","ping_status":"open","sticky":false,"template":"","format":"standard","meta":{"footnotes":""},"categories":[16],"tags":[2484],"class_list":["post-5961","post","type-post","status-publish","format-standard","has-post-thumbnail","hentry","category-actualidade","tag-mpla-e-pt-reforcam-lacos-de-cooperacao-durante-congresso-partidario-no-brasil"],"blocksy_meta":[],"_links":{"self":[{"href":"https:\/\/www.radiomais.ao\/index.php\/wp-json\/wp\/v2\/posts\/5961","targetHints":{"allow":["GET"]}}],"collection":[{"href":"https:\/\/www.radiomais.ao\/index.php\/wp-json\/wp\/v2\/posts"}],"about":[{"href":"https:\/\/www.radiomais.ao\/index.php\/wp-json\/wp\/v2\/types\/post"}],"author":[{"embeddable":true,"href":"https:\/\/www.radiomais.ao\/index.php\/wp-json\/wp\/v2\/users\/3"}],"replies":[{"embeddable":true,"href":"https:\/\/www.radiomais.ao\/index.php\/wp-json\/wp\/v2\/comments?post=5961"}],"version-history":[{"count":1,"href":"https:\/\/www.radiomais.ao\/index.php\/wp-json\/wp\/v2\/posts\/5961\/revisions"}],"predecessor-version":[{"id":5963,"href":"https:\/\/www.radiomais.ao\/index.php\/wp-json\/wp\/v2\/posts\/5961\/revisions\/5963"}],"wp:featuredmedia":[{"embeddable":true,"href":"https:\/\/www.radiomais.ao\/index.php\/wp-json\/wp\/v2\/media\/5962"}],"wp:attachment":[{"href":"https:\/\/www.radiomais.ao\/index.php\/wp-json\/wp\/v2\/media?parent=5961"}],"wp:term":[{"taxonomy":"category","embeddable":true,"href":"https:\/\/www.radiomais.ao\/index.php\/wp-json\/wp\/v2\/categories?post=5961"},{"taxonomy":"post_tag","embeddable":true,"href":"https:\/\/www.radiomais.ao\/index.php\/wp-json\/wp\/v2\/tags?post=5961"}],"curies":[{"name":"wp","href":"https:\/\/api.w.org\/{rel}","templated":true}]}}