{"id":5964,"date":"2026-04-27T10:08:04","date_gmt":"2026-04-27T09:08:04","guid":{"rendered":"https:\/\/www.radiomais.ao\/?p=5964"},"modified":"2026-04-27T10:08:04","modified_gmt":"2026-04-27T09:08:04","slug":"ministerio-dos-transportes-defende-formacao-de-quadros-para-responder-as-exigencias-do-sector-maritimo","status":"publish","type":"post","link":"https:\/\/www.radiomais.ao\/index.php\/2026\/04\/27\/ministerio-dos-transportes-defende-formacao-de-quadros-para-responder-as-exigencias-do-sector-maritimo\/","title":{"rendered":"Minist\u00e9rio dos Transportes defende forma\u00e7\u00e3o de quadros para responder \u00e0s exig\u00eancias do sector mar\u00edtimo."},"content":{"rendered":"\n<p><strong>O ministro dos Transportes, Ricardo Viegas D\u2019Abreu, alertou para a necessidade urgente de forma\u00e7\u00e3o de quadros qualificados, capazes de responder \u00e0s exig\u00eancias do sector mar\u00edtimo a n\u00edvel global, durante a sua interven\u00e7\u00e3o no 18.\u00ba Conselho Consultivo do Minist\u00e9rio dos Transportes<\/strong><\/p>\n\n\n\n<p>O evento, que decorreu na cidade de Malanje, sob o lema \u201c50 anos a conectar Angola\u201d, serviu para reflectir, dentre outros aspectos, sobre o futuro do sector. O ministro de tutela, durante a sua prelec\u00e7\u00e3o, trouxe dados sobre o mercado internacional que exige actualmente cerca de dois milh\u00f5es de profissionais mar\u00edtimos, por exemplo, com compet\u00eancias que v\u00e3o desde opera\u00e7\u00f5es e gest\u00e3o de navios at\u00e9 supervis\u00e3o de terminais, direc\u00e7\u00e3o portu\u00e1ria e coordena\u00e7\u00e3o log\u00edstica.<\/p>\n\n\n\n<p>Ricardo D\u2019Abreu destacou que os perfis profissionais mais procurados exigem, cada vez mais, dom\u00ednio das tecnologias digitais, capacidade anal\u00edtica e elevada adaptabilidade. \u201cO desafio \u00e9 saber se estamos alinhados com esta agenda global. Caso contr\u00e1rio, enfrentaremos s\u00e9rias dificuldades no futuro pr\u00f3ximo\u201d, advertiu.<\/p>\n\n\n\n<p>O ministro sublinhou que a resposta a estes desafios passa por um compromisso conjunto entre o Estado, entidades reguladoras e sector privado, com vista \u00e0 cria\u00e7\u00e3o de condi\u00e7\u00f5es que permitam ao pa\u00eds acompanhar a evolu\u00e7\u00e3o do sector. No \u00e2mbito da prepara\u00e7\u00e3o de quadros, o ministro destacou o trabalho em curso para a implementa\u00e7\u00e3o da Academia Mar\u00edtima Nacional, considerada uma pe\u00e7a-chave para o desenvolvimento de compet\u00eancias no dom\u00ednio mar\u00edtimo e portu\u00e1rio em Angola.sistema educativo e o desenvolvimento do capital humano.<\/p>\n\n\n\n<p><\/p>\n","protected":false},"excerpt":{"rendered":"<p>O ministro dos Transportes, Ricardo Viegas D\u2019Abreu, alertou para a necessidade urgente de forma\u00e7\u00e3o de quadros qualificados, capazes de responder \u00e0s exig\u00eancias do sector mar\u00edtimo a n\u00edvel global, durante a sua interven\u00e7\u00e3o no 18.\u00ba Conselho Consultivo do Minist\u00e9rio dos Transportes O evento, que decorreu na cidade de Malanje, sob o lema \u201c50 anos a conectar [&hellip;]<\/p>\n","protected":false},"author":3,"featured_media":5965,"comment_status":"open","ping_status":"open","sticky":false,"template":"","format":"standard","meta":{"footnotes":""},"categories":[16],"tags":[2485],"class_list":["post-5964","post","type-post","status-publish","format-standard","has-post-thumbnail","hentry","category-actualidade","tag-ministerio-dos-transportes-defende-formacao-de-quadros"],"blocksy_meta":[],"_links":{"self":[{"href":"https:\/\/www.radiomais.ao\/index.php\/wp-json\/wp\/v2\/posts\/5964","targetHints":{"allow":["GET"]}}],"collection":[{"href":"https:\/\/www.radiomais.ao\/index.php\/wp-json\/wp\/v2\/posts"}],"about":[{"href":"https:\/\/www.radiomais.ao\/index.php\/wp-json\/wp\/v2\/types\/post"}],"author":[{"embeddable":true,"href":"https:\/\/www.radiomais.ao\/index.php\/wp-json\/wp\/v2\/users\/3"}],"replies":[{"embeddable":true,"href":"https:\/\/www.radiomais.ao\/index.php\/wp-json\/wp\/v2\/comments?post=5964"}],"version-history":[{"count":1,"href":"https:\/\/www.radiomais.ao\/index.php\/wp-json\/wp\/v2\/posts\/5964\/revisions"}],"predecessor-version":[{"id":5966,"href":"https:\/\/www.radiomais.ao\/index.php\/wp-json\/wp\/v2\/posts\/5964\/revisions\/5966"}],"wp:featuredmedia":[{"embeddable":true,"href":"https:\/\/www.radiomais.ao\/index.php\/wp-json\/wp\/v2\/media\/5965"}],"wp:attachment":[{"href":"https:\/\/www.radiomais.ao\/index.php\/wp-json\/wp\/v2\/media?parent=5964"}],"wp:term":[{"taxonomy":"category","embeddable":true,"href":"https:\/\/www.radiomais.ao\/index.php\/wp-json\/wp\/v2\/categories?post=5964"},{"taxonomy":"post_tag","embeddable":true,"href":"https:\/\/www.radiomais.ao\/index.php\/wp-json\/wp\/v2\/tags?post=5964"}],"curies":[{"name":"wp","href":"https:\/\/api.w.org\/{rel}","templated":true}]}}