{"id":5969,"date":"2026-04-27T10:44:03","date_gmt":"2026-04-27T09:44:03","guid":{"rendered":"https:\/\/www.radiomais.ao\/?p=5969"},"modified":"2026-04-27T10:44:03","modified_gmt":"2026-04-27T09:44:03","slug":"empresas-nacionais-definem-20-de-participacao-como-meta-para-o-conteudo-local-ate-2027","status":"publish","type":"post","link":"https:\/\/www.radiomais.ao\/index.php\/2026\/04\/27\/empresas-nacionais-definem-20-de-participacao-como-meta-para-o-conteudo-local-ate-2027\/","title":{"rendered":"Empresas nacionais definem 20% de participa\u00e7\u00e3o como meta para o conte\u00fado local at\u00e9 2027."},"content":{"rendered":"\n<p><strong>Empresas do sector do Oil &amp; G\u00e1s entendem que o conte\u00fado local em Angola \u00e9 irrevers\u00edvel, mas os n\u00fameros de participa\u00e7\u00e3o das empresas nacionais precisam de ser melhorados, pois, actualmente, \u00e9 de apenas 9 por cento<\/strong><\/p>\n\n\n\n<p>As empresas no conte\u00fado local no sector petrol\u00edfero querem aumentar de 9 para 20 por cento at\u00e9 2027, segundo o fundador da C\u00e2mara de Com\u00e9rcio Ind\u00fastria Angola-It\u00e1lia, M\u00e1rio Cabrini, que falava, recentemente, durante o F\u00f3rum Oil &amp; G\u00e1s, realizado pela coopera\u00e7\u00e3o ASSEA e a C\u00e2mara de Com\u00e9rcio Angola It\u00e1lia.<\/p>\n\n\n\n<p>Os participantes do f\u00f3rum foram un\u00e2nimes em afirmar que o desafio \u00e9 melhorar a participa\u00e7\u00e3o das empresas nacionais no conte\u00fado local, para tal, as petrol\u00edferas t\u00eam de ser chamadas aten\u00e7\u00e3o para o cumprimento da lei. Aumentar a percentagem das empresas nacionais no conte\u00fado local, nos contratos de fornecimentos de servi\u00e7os, empregos e aumentar o volume de neg\u00f3cios das empresas nacionais perante as empresas petrol\u00edferas que operam em Angola \u00e9, segundo M\u00e1rio Cabrini, o objectivo da C\u00e2mara.<\/p>\n\n\n\n<p>Considerou que, al\u00e9m de aumentar os n\u00fameros actuais no conte\u00fado local, h\u00e1 necessidade de se fomentar o ambiente de neg\u00f3cios entre os dois pa\u00edses.<\/p>\n","protected":false},"excerpt":{"rendered":"<p>Empresas do sector do Oil &amp; G\u00e1s entendem que o conte\u00fado local em Angola \u00e9 irrevers\u00edvel, mas os n\u00fameros de participa\u00e7\u00e3o das empresas nacionais precisam de ser melhorados, pois, actualmente, \u00e9 de apenas 9 por cento As empresas no conte\u00fado local no sector petrol\u00edfero querem aumentar de 9 para 20 por cento at\u00e9 2027, segundo [&hellip;]<\/p>\n","protected":false},"author":3,"featured_media":5971,"comment_status":"open","ping_status":"open","sticky":false,"template":"","format":"standard","meta":{"footnotes":""},"categories":[16],"tags":[2486],"class_list":["post-5969","post","type-post","status-publish","format-standard","has-post-thumbnail","hentry","category-actualidade","tag-empresas-nacionais-definem-20-de-participacao-como-meta-para-o-conteudo-local-ate-2027"],"blocksy_meta":[],"_links":{"self":[{"href":"https:\/\/www.radiomais.ao\/index.php\/wp-json\/wp\/v2\/posts\/5969","targetHints":{"allow":["GET"]}}],"collection":[{"href":"https:\/\/www.radiomais.ao\/index.php\/wp-json\/wp\/v2\/posts"}],"about":[{"href":"https:\/\/www.radiomais.ao\/index.php\/wp-json\/wp\/v2\/types\/post"}],"author":[{"embeddable":true,"href":"https:\/\/www.radiomais.ao\/index.php\/wp-json\/wp\/v2\/users\/3"}],"replies":[{"embeddable":true,"href":"https:\/\/www.radiomais.ao\/index.php\/wp-json\/wp\/v2\/comments?post=5969"}],"version-history":[{"count":1,"href":"https:\/\/www.radiomais.ao\/index.php\/wp-json\/wp\/v2\/posts\/5969\/revisions"}],"predecessor-version":[{"id":5972,"href":"https:\/\/www.radiomais.ao\/index.php\/wp-json\/wp\/v2\/posts\/5969\/revisions\/5972"}],"wp:featuredmedia":[{"embeddable":true,"href":"https:\/\/www.radiomais.ao\/index.php\/wp-json\/wp\/v2\/media\/5971"}],"wp:attachment":[{"href":"https:\/\/www.radiomais.ao\/index.php\/wp-json\/wp\/v2\/media?parent=5969"}],"wp:term":[{"taxonomy":"category","embeddable":true,"href":"https:\/\/www.radiomais.ao\/index.php\/wp-json\/wp\/v2\/categories?post=5969"},{"taxonomy":"post_tag","embeddable":true,"href":"https:\/\/www.radiomais.ao\/index.php\/wp-json\/wp\/v2\/tags?post=5969"}],"curies":[{"name":"wp","href":"https:\/\/api.w.org\/{rel}","templated":true}]}}