{"id":597,"date":"2025-06-25T09:35:08","date_gmt":"2025-06-25T08:35:08","guid":{"rendered":"https:\/\/www.radiomais.ao\/?p=597"},"modified":"2025-06-25T09:35:08","modified_gmt":"2025-06-25T08:35:08","slug":"gpl-cria-comissao-para-apurar-maus-tratos-no-hospital-geral-de-luanda","status":"publish","type":"post","link":"https:\/\/www.radiomais.ao\/index.php\/2025\/06\/25\/gpl-cria-comissao-para-apurar-maus-tratos-no-hospital-geral-de-luanda\/","title":{"rendered":"GPL cria comiss\u00e3o para apurar maus-tratos no Hospital Geral de Luanda."},"content":{"rendered":"\n<p>A medida surge em resposta a uma den\u00fancia amplamente divulgada nas redes sociais, que aponta para falhas na presta\u00e7\u00e3o de cuidados m\u00e9dicos e conduta impr\u00f3pria no atendimento ao cidad\u00e3o Domingos Ant\u00f3nio. Fonte<strong><em><a href=\"https:\/\/www.opais.ao\/sociedade\/gpl-cria-comissao-para-apurar-maus-tratos-no-hospital-geral-de-luanda\/\"> Opa\u00eds<\/a><\/em><\/strong><\/p>\n\n\n\n<p><\/p>\n","protected":false},"excerpt":{"rendered":"<p>A medida surge em resposta a uma den\u00fancia amplamente divulgada nas redes sociais, que aponta para falhas na presta\u00e7\u00e3o de cuidados m\u00e9dicos e conduta impr\u00f3pria no atendimento ao cidad\u00e3o Domingos Ant\u00f3nio. Fonte Opa\u00eds<\/p>\n","protected":false},"author":3,"featured_media":599,"comment_status":"open","ping_status":"open","sticky":false,"template":"","format":"standard","meta":{"footnotes":""},"categories":[16],"tags":[40],"class_list":["post-597","post","type-post","status-publish","format-standard","has-post-thumbnail","hentry","category-actualidade","tag-gpl-cria-comissao-para-apurar-maus-tratos-no-hospital-geral-de-luanda"],"blocksy_meta":[],"_links":{"self":[{"href":"https:\/\/www.radiomais.ao\/index.php\/wp-json\/wp\/v2\/posts\/597","targetHints":{"allow":["GET"]}}],"collection":[{"href":"https:\/\/www.radiomais.ao\/index.php\/wp-json\/wp\/v2\/posts"}],"about":[{"href":"https:\/\/www.radiomais.ao\/index.php\/wp-json\/wp\/v2\/types\/post"}],"author":[{"embeddable":true,"href":"https:\/\/www.radiomais.ao\/index.php\/wp-json\/wp\/v2\/users\/3"}],"replies":[{"embeddable":true,"href":"https:\/\/www.radiomais.ao\/index.php\/wp-json\/wp\/v2\/comments?post=597"}],"version-history":[{"count":1,"href":"https:\/\/www.radiomais.ao\/index.php\/wp-json\/wp\/v2\/posts\/597\/revisions"}],"predecessor-version":[{"id":600,"href":"https:\/\/www.radiomais.ao\/index.php\/wp-json\/wp\/v2\/posts\/597\/revisions\/600"}],"wp:featuredmedia":[{"embeddable":true,"href":"https:\/\/www.radiomais.ao\/index.php\/wp-json\/wp\/v2\/media\/599"}],"wp:attachment":[{"href":"https:\/\/www.radiomais.ao\/index.php\/wp-json\/wp\/v2\/media?parent=597"}],"wp:term":[{"taxonomy":"category","embeddable":true,"href":"https:\/\/www.radiomais.ao\/index.php\/wp-json\/wp\/v2\/categories?post=597"},{"taxonomy":"post_tag","embeddable":true,"href":"https:\/\/www.radiomais.ao\/index.php\/wp-json\/wp\/v2\/tags?post=597"}],"curies":[{"name":"wp","href":"https:\/\/api.w.org\/{rel}","templated":true}]}}