{"id":5976,"date":"2026-04-27T11:10:00","date_gmt":"2026-04-27T10:10:00","guid":{"rendered":"https:\/\/www.radiomais.ao\/?p=5976"},"modified":"2026-04-27T11:10:00","modified_gmt":"2026-04-27T10:10:00","slug":"campanha-de-cirurgias-cardiacas-pediatricas-arranca-com-seis-intervencoes-bem-sucedidas","status":"publish","type":"post","link":"https:\/\/www.radiomais.ao\/index.php\/2026\/04\/27\/campanha-de-cirurgias-cardiacas-pediatricas-arranca-com-seis-intervencoes-bem-sucedidas\/","title":{"rendered":"Campanha de cirurgias card\u00edacas pedi\u00e1tricas arranca com seis interven\u00e7\u00f5es bem-sucedidas"},"content":{"rendered":"\n<p>O Complexo Hospitalar Cardeal Dom Alexandre do Nascimento (CHDCP) iniciou a primeira campanha de cirurgias card\u00edacas pedi\u00e1tricas de 2026 com resultados positivos, tendo realizado seis interven\u00e7\u00f5es em apenas cinco dias, no quadro do refor\u00e7o da capacidade nacional para tratar doen\u00e7as card\u00edacas em crian\u00e7as.<\/p>\n\n\n\n<p>A campanha, que teve in\u00edcio a 20 de Abril, conta com o apoio de uma equipa m\u00e9dica internacional, nomeadamente especialistas brit\u00e2- nicos, e aposta numa abordagem mais focada em casos de elevada complexidade. Segundo o director do Servi\u00e7o de Cirurgia Card\u00edaca Pedi\u00e1trica, Gade Miguel, o balan\u00e7o inicial \u00e9 positivo e reflecte o empenho das equipas m\u00e9dicas, bem como o suporte institucional do Minist\u00e9rio da Sa\u00fade e da direc\u00e7\u00e3o do hospital.<\/p>\n\n\n\n<p>Entre as seis crian\u00e7as operadas, provenientes de prov\u00edncias como Malanje, Benguela, Bi\u00e9 e Huambo, tr\u00eas j\u00e1 se encontram na enfermaria e as restantes permanecem na Unidade de Cuidados Intensivos, todas com evolu\u00e7\u00e3o considerada satisfat\u00f3ria. A campanha introduz uma nova din\u00e2mica de trabalho, com cirurgias realizadas ao longo de toda a semana, maior foco em casos complexos e refor\u00e7o da coopera\u00e7\u00e3o internacional, permitindo a troca de experi\u00eancias e o aumento da capacidade t\u00e9cnica das equipas nacionais.<\/p>\n","protected":false},"excerpt":{"rendered":"<p>O Complexo Hospitalar Cardeal Dom Alexandre do Nascimento (CHDCP) iniciou a primeira campanha de cirurgias card\u00edacas pedi\u00e1tricas de 2026 com resultados positivos, tendo realizado seis interven\u00e7\u00f5es em apenas cinco dias, no quadro do refor\u00e7o da capacidade nacional para tratar doen\u00e7as card\u00edacas em crian\u00e7as. A campanha, que teve in\u00edcio a 20 de Abril, conta com o [&hellip;]<\/p>\n","protected":false},"author":3,"featured_media":5977,"comment_status":"open","ping_status":"open","sticky":false,"template":"","format":"standard","meta":{"footnotes":""},"categories":[16],"tags":[2488],"class_list":["post-5976","post","type-post","status-publish","format-standard","has-post-thumbnail","hentry","category-actualidade","tag-campanha-de-cirurgias-cardiacas-pediatricas-arranca-com-seis-intervencoes-bem-sucedidas"],"blocksy_meta":[],"_links":{"self":[{"href":"https:\/\/www.radiomais.ao\/index.php\/wp-json\/wp\/v2\/posts\/5976","targetHints":{"allow":["GET"]}}],"collection":[{"href":"https:\/\/www.radiomais.ao\/index.php\/wp-json\/wp\/v2\/posts"}],"about":[{"href":"https:\/\/www.radiomais.ao\/index.php\/wp-json\/wp\/v2\/types\/post"}],"author":[{"embeddable":true,"href":"https:\/\/www.radiomais.ao\/index.php\/wp-json\/wp\/v2\/users\/3"}],"replies":[{"embeddable":true,"href":"https:\/\/www.radiomais.ao\/index.php\/wp-json\/wp\/v2\/comments?post=5976"}],"version-history":[{"count":1,"href":"https:\/\/www.radiomais.ao\/index.php\/wp-json\/wp\/v2\/posts\/5976\/revisions"}],"predecessor-version":[{"id":5978,"href":"https:\/\/www.radiomais.ao\/index.php\/wp-json\/wp\/v2\/posts\/5976\/revisions\/5978"}],"wp:featuredmedia":[{"embeddable":true,"href":"https:\/\/www.radiomais.ao\/index.php\/wp-json\/wp\/v2\/media\/5977"}],"wp:attachment":[{"href":"https:\/\/www.radiomais.ao\/index.php\/wp-json\/wp\/v2\/media?parent=5976"}],"wp:term":[{"taxonomy":"category","embeddable":true,"href":"https:\/\/www.radiomais.ao\/index.php\/wp-json\/wp\/v2\/categories?post=5976"},{"taxonomy":"post_tag","embeddable":true,"href":"https:\/\/www.radiomais.ao\/index.php\/wp-json\/wp\/v2\/tags?post=5976"}],"curies":[{"name":"wp","href":"https:\/\/api.w.org\/{rel}","templated":true}]}}