{"id":5979,"date":"2026-04-27T11:37:00","date_gmt":"2026-04-27T10:37:00","guid":{"rendered":"https:\/\/www.radiomais.ao\/?p=5979"},"modified":"2026-04-27T11:37:00","modified_gmt":"2026-04-27T10:37:00","slug":"luanda-regista-reducao-de-quase-50-dos-obitos-por-malaria","status":"publish","type":"post","link":"https:\/\/www.radiomais.ao\/index.php\/2026\/04\/27\/luanda-regista-reducao-de-quase-50-dos-obitos-por-malaria\/","title":{"rendered":"Luanda regista redu\u00e7\u00e3o de quase 50% dos \u00f3bitos por mal\u00e1ria."},"content":{"rendered":"\n<p><strong>A prov\u00edncia de Luanda registou uma redu\u00e7\u00e3o significativa de \u00f3bitos por mal\u00e1ria no primeiro trimestre de 2026, passando de 483 mortes em 2025 para 243 este ano, o que representa uma diminui\u00e7\u00e3o de 49,7%, segundo dados do programa de controlo da doen\u00e7a do Gabinete Provincial da Sa\u00fade<\/strong><\/p>\n\n\n\n<p>A informa\u00e7\u00e3o foi avan\u00e7ada pela supervisora provincial do programa, Alice dos Santos, que destacou melhorias nos indicadores, apesar de a mal\u00e1ria continuar a ser uma das principais causas de doen\u00e7a e morte na capital. A an\u00e1lise epidemiol\u00f3gica indica igualmente uma diminui\u00e7\u00e3o no n\u00famero de casos.<\/p>\n\n\n\n<p>No primeiro trimestre de 2025, foram reportados cerca de 416 mil casos, enquanto no mesmo per\u00edodo de 2026 o n\u00famero baixou para aproximadamente 289 mil casos. De acordo com os respons\u00e1vel do programa, esta evolu\u00e7\u00e3o positiva resulta da intensifica\u00e7\u00e3o das ac\u00e7\u00f5es de testagem, tratamento e distribui\u00e7\u00e3o de mosquiteiros impregnados, bem como do refor\u00e7o da capacidade t\u00e9cnica nas unidades sanit\u00e1rias.<\/p>\n\n\n\n<p>\u201cTivemos um abastecimento consider\u00e1vel de testes r\u00e1pidos e realiz\u00e1mos forma\u00e7\u00f5es aos t\u00e9cnicos, o que melhorou a qualidade do diagn\u00f3stico e contribuiu para a redu\u00e7\u00e3o dos \u00f3bitos\u201d, explicou Alice dos Santos. Quanto ao n\u00famero de \u00f3bitos, os dados comparativos no primeiro trimestre de 2025 apontam para um total de 483 \u00f3bitos, sendo que, neste primeiro trimestre de 2026, se registou 243, demonstrando uma redu\u00e7\u00e3o consider\u00e1vel de 49,7%.<\/p>\n","protected":false},"excerpt":{"rendered":"<p>A prov\u00edncia de Luanda registou uma redu\u00e7\u00e3o significativa de \u00f3bitos por mal\u00e1ria no primeiro trimestre de 2026, passando de 483 mortes em 2025 para 243 este ano, o que representa uma diminui\u00e7\u00e3o de 49,7%, segundo dados do programa de controlo da doen\u00e7a do Gabinete Provincial da Sa\u00fade A informa\u00e7\u00e3o foi avan\u00e7ada pela supervisora provincial do [&hellip;]<\/p>\n","protected":false},"author":3,"featured_media":5980,"comment_status":"open","ping_status":"open","sticky":false,"template":"","format":"standard","meta":{"footnotes":""},"categories":[16],"tags":[],"class_list":["post-5979","post","type-post","status-publish","format-standard","has-post-thumbnail","hentry","category-actualidade"],"blocksy_meta":[],"_links":{"self":[{"href":"https:\/\/www.radiomais.ao\/index.php\/wp-json\/wp\/v2\/posts\/5979","targetHints":{"allow":["GET"]}}],"collection":[{"href":"https:\/\/www.radiomais.ao\/index.php\/wp-json\/wp\/v2\/posts"}],"about":[{"href":"https:\/\/www.radiomais.ao\/index.php\/wp-json\/wp\/v2\/types\/post"}],"author":[{"embeddable":true,"href":"https:\/\/www.radiomais.ao\/index.php\/wp-json\/wp\/v2\/users\/3"}],"replies":[{"embeddable":true,"href":"https:\/\/www.radiomais.ao\/index.php\/wp-json\/wp\/v2\/comments?post=5979"}],"version-history":[{"count":1,"href":"https:\/\/www.radiomais.ao\/index.php\/wp-json\/wp\/v2\/posts\/5979\/revisions"}],"predecessor-version":[{"id":5981,"href":"https:\/\/www.radiomais.ao\/index.php\/wp-json\/wp\/v2\/posts\/5979\/revisions\/5981"}],"wp:featuredmedia":[{"embeddable":true,"href":"https:\/\/www.radiomais.ao\/index.php\/wp-json\/wp\/v2\/media\/5980"}],"wp:attachment":[{"href":"https:\/\/www.radiomais.ao\/index.php\/wp-json\/wp\/v2\/media?parent=5979"}],"wp:term":[{"taxonomy":"category","embeddable":true,"href":"https:\/\/www.radiomais.ao\/index.php\/wp-json\/wp\/v2\/categories?post=5979"},{"taxonomy":"post_tag","embeddable":true,"href":"https:\/\/www.radiomais.ao\/index.php\/wp-json\/wp\/v2\/tags?post=5979"}],"curies":[{"name":"wp","href":"https:\/\/api.w.org\/{rel}","templated":true}]}}