{"id":5983,"date":"2026-04-28T10:01:32","date_gmt":"2026-04-28T09:01:32","guid":{"rendered":"https:\/\/www.radiomais.ao\/?p=5983"},"modified":"2026-04-28T10:01:32","modified_gmt":"2026-04-28T09:01:32","slug":"pr-inaugura-maior-data-center-do-pais","status":"publish","type":"post","link":"https:\/\/www.radiomais.ao\/index.php\/2026\/04\/28\/pr-inaugura-maior-data-center-do-pais\/","title":{"rendered":"PR inaugura maior Data Center do pa\u00eds."},"content":{"rendered":"\n<p><strong>O Chefe de Estado angolano, Jo\u00e3o Louren\u00e7o, inaugura, nesta Ter\u00e7a-feira, 28, o novo Data Center do Governo, uma infra- estrutura tecnol\u00f3gica estrat\u00e9gica pertencente ao INFOSI e afecta ao Minist\u00e9rio das Telecomunica\u00e7\u00f5es, Tecnologias de Informa\u00e7\u00e3o e Comunica\u00e7\u00e3o Social<\/strong><\/p>\n\n\n\n<p>Localizado no munic\u00edpio da Camama, em Luanda, o empreendimento \u00e9 considerado o principal centro de dados do Estado angolano e dever\u00e1 servir de suporte tecnol\u00f3gico para todo o pa\u00eds, com impacto directo tanto na Administra\u00e7\u00e3o P\u00fablica como no sector privado. De acordo com dados do Executivo, o Data Center permitir\u00e1 o lan\u00e7amento da Nuvem Nacional de Angola, cuja operacionaliza\u00e7\u00e3o tem in\u00edcio este ano.<\/p>\n\n\n\n<p>A infra-estrutura vem refor\u00e7ar o ecossistema digital nacional, juntando-se a outros centros de dados j\u00e1 existentes, maioritariamente com investimento privado Do ponto de vista t\u00e9cnico, trata-se de um Data Center modular, composto por 12 contentores, cada um com capacidade para 28 racks \u2014 estruturas met\u00e1licas destinadas \u00e0 instala\u00e7\u00e3o de equipamentos inform\u00e1ticos.<\/p>\n\n\n\n<p>A unidade foi concebida para garantir elevada capacidade de armazenamento e processamento de dados, e, assim, responder \u00e0s exig\u00eancias do processo de digitaliza\u00e7\u00e3o no pa\u00eds. Al\u00e9m da componente tecnol\u00f3gica, o projecto tem impacto econ\u00f3mico relevante. A inaugura\u00e7\u00e3o desta infra-estrutura insere-se na estrat\u00e9gia do Executivo de moderniza\u00e7\u00e3o dos servi\u00e7os p\u00fablicos e de promo\u00e7\u00e3o da transforma\u00e7\u00e3o digital no pa\u00eds.<\/p>\n","protected":false},"excerpt":{"rendered":"<p>O Chefe de Estado angolano, Jo\u00e3o Louren\u00e7o, inaugura, nesta Ter\u00e7a-feira, 28, o novo Data Center do Governo, uma infra- estrutura tecnol\u00f3gica estrat\u00e9gica pertencente ao INFOSI e afecta ao Minist\u00e9rio das Telecomunica\u00e7\u00f5es, Tecnologias de Informa\u00e7\u00e3o e Comunica\u00e7\u00e3o Social Localizado no munic\u00edpio da Camama, em Luanda, o empreendimento \u00e9 considerado o principal centro de dados do Estado [&hellip;]<\/p>\n","protected":false},"author":3,"featured_media":5984,"comment_status":"open","ping_status":"open","sticky":false,"template":"","format":"standard","meta":{"footnotes":""},"categories":[1],"tags":[2489,22,1285,96],"class_list":["post-5983","post","type-post","status-publish","format-standard","has-post-thumbnail","hentry","category-uncategorized","tag-data-center","tag-destaque","tag-inauguracao","tag-presidente"],"blocksy_meta":[],"_links":{"self":[{"href":"https:\/\/www.radiomais.ao\/index.php\/wp-json\/wp\/v2\/posts\/5983","targetHints":{"allow":["GET"]}}],"collection":[{"href":"https:\/\/www.radiomais.ao\/index.php\/wp-json\/wp\/v2\/posts"}],"about":[{"href":"https:\/\/www.radiomais.ao\/index.php\/wp-json\/wp\/v2\/types\/post"}],"author":[{"embeddable":true,"href":"https:\/\/www.radiomais.ao\/index.php\/wp-json\/wp\/v2\/users\/3"}],"replies":[{"embeddable":true,"href":"https:\/\/www.radiomais.ao\/index.php\/wp-json\/wp\/v2\/comments?post=5983"}],"version-history":[{"count":1,"href":"https:\/\/www.radiomais.ao\/index.php\/wp-json\/wp\/v2\/posts\/5983\/revisions"}],"predecessor-version":[{"id":5985,"href":"https:\/\/www.radiomais.ao\/index.php\/wp-json\/wp\/v2\/posts\/5983\/revisions\/5985"}],"wp:featuredmedia":[{"embeddable":true,"href":"https:\/\/www.radiomais.ao\/index.php\/wp-json\/wp\/v2\/media\/5984"}],"wp:attachment":[{"href":"https:\/\/www.radiomais.ao\/index.php\/wp-json\/wp\/v2\/media?parent=5983"}],"wp:term":[{"taxonomy":"category","embeddable":true,"href":"https:\/\/www.radiomais.ao\/index.php\/wp-json\/wp\/v2\/categories?post=5983"},{"taxonomy":"post_tag","embeddable":true,"href":"https:\/\/www.radiomais.ao\/index.php\/wp-json\/wp\/v2\/tags?post=5983"}],"curies":[{"name":"wp","href":"https:\/\/api.w.org\/{rel}","templated":true}]}}