{"id":5986,"date":"2026-04-28T10:07:59","date_gmt":"2026-04-28T09:07:59","guid":{"rendered":"https:\/\/www.radiomais.ao\/?p=5986"},"modified":"2026-04-28T10:07:59","modified_gmt":"2026-04-28T09:07:59","slug":"pgr-defende-instituicoes-fortes-para-consolidacao-da-justica-administrativa","status":"publish","type":"post","link":"https:\/\/www.radiomais.ao\/index.php\/2026\/04\/28\/pgr-defende-instituicoes-fortes-para-consolidacao-da-justica-administrativa\/","title":{"rendered":"PGR defende institui\u00e7\u00f5es fortes para consolida\u00e7\u00e3o da justi\u00e7a administrativa."},"content":{"rendered":"\n<p><strong>O procurador-geral da Rep\u00fablica, Pedro Mendes de Carvalho, afirmou, ontem, que a efectiva\u00e7\u00e3o da justi\u00e7a administrativa exige institui\u00e7\u00f5es fortes, independentes e comprometidas com a legalidade, e destacou o papel dos operadores do direito na consolida\u00e7\u00e3o do Estado D mocr\u00e1tico e de Direito<\/strong><\/p>\n\n\n\n<p>As declara\u00e7\u00f5es foram feitas na abertura da Confer\u00eancia Internacional subordinada ao tema \u201cOs desafios dos Operadores do Direito na Justi\u00e7a Administrativa\u201d, realizada no quadro das comemora\u00e7\u00f5es dos 47 anos da institucionaliza\u00e7\u00e3o da Procuradoria-Geral da Rep\u00fablica, assinalados ontem.<\/p>\n\n\n\n<p>Na ocasi\u00e3o, o magistrado referiu que o evento visa promover uma reflex\u00e3o aprofundada sobre o percurso hist\u00f3rico da justi\u00e7a administrativa no pa\u00eds e projectar solu\u00e7\u00f5es para os actuais desafios, sobretudo no que diz respeito \u00e0 defesa dos direitos fundamentais dos cidad\u00e3os perante a Administra\u00e7\u00e3o P\u00fablica.<\/p>\n\n\n\n<p>Pedro Mendes de Carvalho lembrou que o sistema administrativo angolano passou por uma profunda reforma nas \u00faltimas d\u00e9cadas, impulsionada pela Constitui\u00e7\u00e3o da Rep\u00fablica (CRA) de 2010, que introduziu, segundo disse, novos princ\u00edpios orientadores da actua\u00e7\u00e3o do Estado, com destaque para a dignidade da pessoa humana, a aproxima\u00e7\u00e3o dos servi\u00e7os p\u00fablicos \u00e0s popula\u00e7\u00f5es e a descentraliza\u00e7\u00e3o administrativa.<\/p>\n","protected":false},"excerpt":{"rendered":"<p>O procurador-geral da Rep\u00fablica, Pedro Mendes de Carvalho, afirmou, ontem, que a efectiva\u00e7\u00e3o da justi\u00e7a administrativa exige institui\u00e7\u00f5es fortes, independentes e comprometidas com a legalidade, e destacou o papel dos operadores do direito na consolida\u00e7\u00e3o do Estado D mocr\u00e1tico e de Direito As declara\u00e7\u00f5es foram feitas na abertura da Confer\u00eancia Internacional subordinada ao tema \u201cOs [&hellip;]<\/p>\n","protected":false},"author":3,"featured_media":5987,"comment_status":"open","ping_status":"open","sticky":false,"template":"","format":"standard","meta":{"footnotes":""},"categories":[16],"tags":[2490],"class_list":["post-5986","post","type-post","status-publish","format-standard","has-post-thumbnail","hentry","category-actualidade","tag-pgr-defende-instituicoes-fortes-para-consolidacao-da-justica-administrativa"],"blocksy_meta":[],"_links":{"self":[{"href":"https:\/\/www.radiomais.ao\/index.php\/wp-json\/wp\/v2\/posts\/5986","targetHints":{"allow":["GET"]}}],"collection":[{"href":"https:\/\/www.radiomais.ao\/index.php\/wp-json\/wp\/v2\/posts"}],"about":[{"href":"https:\/\/www.radiomais.ao\/index.php\/wp-json\/wp\/v2\/types\/post"}],"author":[{"embeddable":true,"href":"https:\/\/www.radiomais.ao\/index.php\/wp-json\/wp\/v2\/users\/3"}],"replies":[{"embeddable":true,"href":"https:\/\/www.radiomais.ao\/index.php\/wp-json\/wp\/v2\/comments?post=5986"}],"version-history":[{"count":1,"href":"https:\/\/www.radiomais.ao\/index.php\/wp-json\/wp\/v2\/posts\/5986\/revisions"}],"predecessor-version":[{"id":5988,"href":"https:\/\/www.radiomais.ao\/index.php\/wp-json\/wp\/v2\/posts\/5986\/revisions\/5988"}],"wp:featuredmedia":[{"embeddable":true,"href":"https:\/\/www.radiomais.ao\/index.php\/wp-json\/wp\/v2\/media\/5987"}],"wp:attachment":[{"href":"https:\/\/www.radiomais.ao\/index.php\/wp-json\/wp\/v2\/media?parent=5986"}],"wp:term":[{"taxonomy":"category","embeddable":true,"href":"https:\/\/www.radiomais.ao\/index.php\/wp-json\/wp\/v2\/categories?post=5986"},{"taxonomy":"post_tag","embeddable":true,"href":"https:\/\/www.radiomais.ao\/index.php\/wp-json\/wp\/v2\/tags?post=5986"}],"curies":[{"name":"wp","href":"https:\/\/api.w.org\/{rel}","templated":true}]}}