{"id":5989,"date":"2026-04-28T10:11:17","date_gmt":"2026-04-28T09:11:17","guid":{"rendered":"https:\/\/www.radiomais.ao\/?p=5989"},"modified":"2026-04-28T10:11:17","modified_gmt":"2026-04-28T09:11:17","slug":"adao-de-almeida-destaca-cooperacao-parlamentar-como-pilar-da-integracao-entre-angola-e-mocambique","status":"publish","type":"post","link":"https:\/\/www.radiomais.ao\/index.php\/2026\/04\/28\/adao-de-almeida-destaca-cooperacao-parlamentar-como-pilar-da-integracao-entre-angola-e-mocambique\/","title":{"rendered":"Ad\u00e3o de Almeida destaca coopera\u00e7\u00e3o parlamentar como pilar da integra\u00e7\u00e3o entre Angola e Mo\u00e7ambique."},"content":{"rendered":"\n<p><strong>O presidente da Assembleia Nacional, Ad\u00e3o de Almeida, destacou, nesta Segunda-feira, em Maputo, a import\u00e2ncia do refor\u00e7o da coopera\u00e7\u00e3o parlamentar entre Angola e Mo\u00e7ambique como instrumento fundamental para a consolida\u00e7\u00e3o da democracia, da boa governa\u00e7\u00e3o e da integra\u00e7\u00e3o regional<\/strong><\/p>\n\n\n\n<p>A posi\u00e7\u00e3o foi expressa na Sess\u00e3o Solene na Assembleia da Rep\u00fablica de Mo\u00e7ambique, no quadro da visita oficial de quatro dias que o l\u00edder do Parlamento angolano efectua \u00e0quele pa\u00eds. Na sua interven\u00e7\u00e3o, Ad\u00e3o de Almeida sublinhou que os parlamentos desempenham um papel determinante na produ\u00e7\u00e3o legislativa, na fiscaliza\u00e7\u00e3o da ac\u00e7\u00e3o governativa e na aproxima\u00e7\u00e3o entre os Estados e os cidad\u00e3os, ao defender uma coopera\u00e7\u00e3o mais din\u00e2mica entre os dois \u00f3rg\u00e3os legislativos.<\/p>\n\n\n\n<p>Considerou que a rela\u00e7\u00e3o entre Angola e Mo\u00e7ambique assenta em la\u00e7os hist\u00f3ricos, pol\u00edticos e culturais s\u00f3lidos, devendo ser aprofundada atrav\u00e9s da partilha de experi\u00eancias e boas pr\u00e1ticas no dom\u00ednio parlamentar.<\/p>\n\n\n\n<p><strong>Coopera\u00e7\u00e3o estrat\u00e9gica e troca de experi\u00eancias<\/strong><\/p>\n\n\n\n<p>Durante o encontro com a sua hom\u00f3loga, Margarida Talapa, Ad\u00e3o de Almeida destacou a necessidade de se fortalecer mecanismos de coopera\u00e7\u00e3o institucional, mais a mais na capacita\u00e7\u00e3o t\u00e9cnica de deputados e funcion\u00e1rios parlamentares. O dirigente angolano defendeu ainda a harmoniza\u00e7\u00e3o de posi\u00e7\u00f5es em mat\u00e9rias de interesse comum, sobretudo no quadro de organiza\u00e7\u00f5es regionais e internacionais, como o F\u00f3rum Parlamentar da SADC e o Parlamento Pan-Africano.<\/p>\n","protected":false},"excerpt":{"rendered":"<p>O presidente da Assembleia Nacional, Ad\u00e3o de Almeida, destacou, nesta Segunda-feira, em Maputo, a import\u00e2ncia do refor\u00e7o da coopera\u00e7\u00e3o parlamentar entre Angola e Mo\u00e7ambique como instrumento fundamental para a consolida\u00e7\u00e3o da democracia, da boa governa\u00e7\u00e3o e da integra\u00e7\u00e3o regional A posi\u00e7\u00e3o foi expressa na Sess\u00e3o Solene na Assembleia da Rep\u00fablica de Mo\u00e7ambique, no quadro da [&hellip;]<\/p>\n","protected":false},"author":3,"featured_media":5990,"comment_status":"open","ping_status":"open","sticky":false,"template":"","format":"standard","meta":{"footnotes":""},"categories":[16],"tags":[2491],"class_list":["post-5989","post","type-post","status-publish","format-standard","has-post-thumbnail","hentry","category-actualidade","tag-adao-de-almeida-destaca-cooperacao-parlamentar"],"blocksy_meta":[],"_links":{"self":[{"href":"https:\/\/www.radiomais.ao\/index.php\/wp-json\/wp\/v2\/posts\/5989","targetHints":{"allow":["GET"]}}],"collection":[{"href":"https:\/\/www.radiomais.ao\/index.php\/wp-json\/wp\/v2\/posts"}],"about":[{"href":"https:\/\/www.radiomais.ao\/index.php\/wp-json\/wp\/v2\/types\/post"}],"author":[{"embeddable":true,"href":"https:\/\/www.radiomais.ao\/index.php\/wp-json\/wp\/v2\/users\/3"}],"replies":[{"embeddable":true,"href":"https:\/\/www.radiomais.ao\/index.php\/wp-json\/wp\/v2\/comments?post=5989"}],"version-history":[{"count":1,"href":"https:\/\/www.radiomais.ao\/index.php\/wp-json\/wp\/v2\/posts\/5989\/revisions"}],"predecessor-version":[{"id":5991,"href":"https:\/\/www.radiomais.ao\/index.php\/wp-json\/wp\/v2\/posts\/5989\/revisions\/5991"}],"wp:featuredmedia":[{"embeddable":true,"href":"https:\/\/www.radiomais.ao\/index.php\/wp-json\/wp\/v2\/media\/5990"}],"wp:attachment":[{"href":"https:\/\/www.radiomais.ao\/index.php\/wp-json\/wp\/v2\/media?parent=5989"}],"wp:term":[{"taxonomy":"category","embeddable":true,"href":"https:\/\/www.radiomais.ao\/index.php\/wp-json\/wp\/v2\/categories?post=5989"},{"taxonomy":"post_tag","embeddable":true,"href":"https:\/\/www.radiomais.ao\/index.php\/wp-json\/wp\/v2\/tags?post=5989"}],"curies":[{"name":"wp","href":"https:\/\/api.w.org\/{rel}","templated":true}]}}