{"id":5992,"date":"2026-04-28T10:19:38","date_gmt":"2026-04-28T09:19:38","guid":{"rendered":"https:\/\/www.radiomais.ao\/?p=5992"},"modified":"2026-04-28T10:19:38","modified_gmt":"2026-04-28T09:19:38","slug":"deputados-fiscalizam-accoes-sobre-proteccao-social-de-militares-e-antigos-combatentes-em-cabinda","status":"publish","type":"post","link":"https:\/\/www.radiomais.ao\/index.php\/2026\/04\/28\/deputados-fiscalizam-accoes-sobre-proteccao-social-de-militares-e-antigos-combatentes-em-cabinda\/","title":{"rendered":"Deputados fiscalizam ac\u00e7\u00f5es sobre protec\u00e7\u00e3o social de militares e antigos combatentes em Cabinda."},"content":{"rendered":"\n<p><strong>Um total de 13 deputados que integram as comiss\u00f5es de especialidades da Assembleia Nacional ligadas aos Assuntos Jur\u00eddicos e Constitucionais, Defesa e Seguran\u00e7a, Rela\u00e7\u00f5es Exteriores e Coopera\u00e7\u00e3o Internacional, Comunidades Angolanas no Exterior e dos Recursos Humanos, Cidadania e Ambiente est\u00e3o em Cabinda para uma ac\u00e7\u00e3o de fiscaliza\u00e7\u00e3o parlamentar sobre aspectos ligados \u00e0 protec\u00e7\u00e3o social dos militares e antigos combatentes ao n\u00edvel da prov\u00edncia<\/strong><\/p>\n\n\n\n<p>A delega\u00e7\u00e3o multissetorial da Assembleia Nacional, chefiada pela deputada Ruth Mendes, foi recebida em audi\u00eancia de cortesia pela governadora provincial, Suzana Abreu, na sede do governo, para interagir com as autoridades locais e falar sobre os objectivos da jornada de fiscaliza\u00e7\u00e3o parlamentar de cinco dias \u00e0 prov\u00edncia.<\/p>\n\n\n\n<p>Suzana Abreu destacou a import\u00e2ncia estrat\u00e9gica da visita para a regi\u00e3o, sublinhando ser um trabalho fundamental para a busca de solu\u00e7\u00f5es pr\u00e1ticas para os problemas daqueles que deram o seu contributo para a independ\u00eancia e que continuam a zelar pela soberania nacional.<\/p>\n\n\n\n<p>A miss\u00e3o, que se insere no Plano de Actividades do ciclo 2025\/2026, re\u00fane parlamentares de quatro comiss\u00f5es especializadas, nomeadamente a 1.\u00aa comiss\u00e3o referente aos Assuntos Constitucionais e Jur\u00eddicos, a 3.\u00aa comiss\u00e3o das Rela\u00e7\u00f5es Exteriores e Coopera\u00e7\u00e3o Internacional e Comunidades Angolanas no Exterior, a 4.\u00aa ligada \u00e0 Defesa e Seguran\u00e7a e a 10.\u00aa dos Direitos Humanos, Cidadania e Ambiente. Um dos objetivos da comitiva visa avaliar de forma aprofundada os mecanismos de integra\u00e7\u00e3o dos efectivos das For\u00e7as Armadas Angolanas (FAA) e do Minist\u00e9rio do Interior (MININT) no Sistema de Protec\u00e7\u00e3o Social.<\/p>\n","protected":false},"excerpt":{"rendered":"<p>Um total de 13 deputados que integram as comiss\u00f5es de especialidades da Assembleia Nacional ligadas aos Assuntos Jur\u00eddicos e Constitucionais, Defesa e Seguran\u00e7a, Rela\u00e7\u00f5es Exteriores e Coopera\u00e7\u00e3o Internacional, Comunidades Angolanas no Exterior e dos Recursos Humanos, Cidadania e Ambiente est\u00e3o em Cabinda para uma ac\u00e7\u00e3o de fiscaliza\u00e7\u00e3o parlamentar sobre aspectos ligados \u00e0 protec\u00e7\u00e3o social dos [&hellip;]<\/p>\n","protected":false},"author":3,"featured_media":5993,"comment_status":"open","ping_status":"open","sticky":false,"template":"","format":"standard","meta":{"footnotes":""},"categories":[16],"tags":[2492],"class_list":["post-5992","post","type-post","status-publish","format-standard","has-post-thumbnail","hentry","category-actualidade","tag-deputados-fiscalizam-accoes-sobre-proteccao-social-de-militares-e-antigos-combatentes-em-cabinda"],"blocksy_meta":[],"_links":{"self":[{"href":"https:\/\/www.radiomais.ao\/index.php\/wp-json\/wp\/v2\/posts\/5992","targetHints":{"allow":["GET"]}}],"collection":[{"href":"https:\/\/www.radiomais.ao\/index.php\/wp-json\/wp\/v2\/posts"}],"about":[{"href":"https:\/\/www.radiomais.ao\/index.php\/wp-json\/wp\/v2\/types\/post"}],"author":[{"embeddable":true,"href":"https:\/\/www.radiomais.ao\/index.php\/wp-json\/wp\/v2\/users\/3"}],"replies":[{"embeddable":true,"href":"https:\/\/www.radiomais.ao\/index.php\/wp-json\/wp\/v2\/comments?post=5992"}],"version-history":[{"count":1,"href":"https:\/\/www.radiomais.ao\/index.php\/wp-json\/wp\/v2\/posts\/5992\/revisions"}],"predecessor-version":[{"id":5994,"href":"https:\/\/www.radiomais.ao\/index.php\/wp-json\/wp\/v2\/posts\/5992\/revisions\/5994"}],"wp:featuredmedia":[{"embeddable":true,"href":"https:\/\/www.radiomais.ao\/index.php\/wp-json\/wp\/v2\/media\/5993"}],"wp:attachment":[{"href":"https:\/\/www.radiomais.ao\/index.php\/wp-json\/wp\/v2\/media?parent=5992"}],"wp:term":[{"taxonomy":"category","embeddable":true,"href":"https:\/\/www.radiomais.ao\/index.php\/wp-json\/wp\/v2\/categories?post=5992"},{"taxonomy":"post_tag","embeddable":true,"href":"https:\/\/www.radiomais.ao\/index.php\/wp-json\/wp\/v2\/tags?post=5992"}],"curies":[{"name":"wp","href":"https:\/\/api.w.org\/{rel}","templated":true}]}}