{"id":5995,"date":"2026-04-28T10:33:52","date_gmt":"2026-04-28T09:33:52","guid":{"rendered":"https:\/\/www.radiomais.ao\/?p=5995"},"modified":"2026-04-28T10:33:52","modified_gmt":"2026-04-28T09:33:52","slug":"mais-de-tres-mil-familias-no-quiculungo-recebem-hoje-a-5-a-transferencia-do-kwenda","status":"publish","type":"post","link":"https:\/\/www.radiomais.ao\/index.php\/2026\/04\/28\/mais-de-tres-mil-familias-no-quiculungo-recebem-hoje-a-5-a-transferencia-do-kwenda\/","title":{"rendered":"Mais de tr\u00eas mil fam\u00edlias no Quiculungo recebem hoje a 5.\u00aa transfer\u00eancia do Kwenda."},"content":{"rendered":"\n<p>O FAS-Instituto de Desenvolvimento Local na prov\u00edncia do Cuanza-Norte, munic\u00edpio do Quiculungo, no quadro do Programa Kwenda, vai realizar hoje a 4.\u00aa e 5.\u00aa recorr\u00eancia das Transfer\u00eancias Sociais Monet\u00e1rias a 3.200 Agregados Familiares.<\/p>\n\n\n\n<p>De acordo com o director provincial do FAS, Louren\u00e7o Matias, o Quiculungo destaca-se por ter sido o primeiro da Prov\u00edncia do Cuanza-Norte a beneficiar desta componente do Programa que tem como objectivo apoiar as fam\u00edlias em situa\u00e7\u00e3o de pobreza e vulnerabilidade<\/p>\n","protected":false},"excerpt":{"rendered":"<p>O FAS-Instituto de Desenvolvimento Local na prov\u00edncia do Cuanza-Norte, munic\u00edpio do Quiculungo, no quadro do Programa Kwenda, vai realizar hoje a 4.\u00aa e 5.\u00aa recorr\u00eancia das Transfer\u00eancias Sociais Monet\u00e1rias a 3.200 Agregados Familiares. De acordo com o director provincial do FAS, Louren\u00e7o Matias, o Quiculungo destaca-se por ter sido o primeiro da Prov\u00edncia do Cuanza-Norte [&hellip;]<\/p>\n","protected":false},"author":3,"featured_media":5996,"comment_status":"open","ping_status":"open","sticky":false,"template":"","format":"standard","meta":{"footnotes":""},"categories":[16],"tags":[2493],"class_list":["post-5995","post","type-post","status-publish","format-standard","has-post-thumbnail","hentry","category-actualidade","tag-mais-de-tres-mil-familias-no-quiculungo-recebem-hoje-a-5-a-transferencia-do-kwenda"],"blocksy_meta":[],"_links":{"self":[{"href":"https:\/\/www.radiomais.ao\/index.php\/wp-json\/wp\/v2\/posts\/5995","targetHints":{"allow":["GET"]}}],"collection":[{"href":"https:\/\/www.radiomais.ao\/index.php\/wp-json\/wp\/v2\/posts"}],"about":[{"href":"https:\/\/www.radiomais.ao\/index.php\/wp-json\/wp\/v2\/types\/post"}],"author":[{"embeddable":true,"href":"https:\/\/www.radiomais.ao\/index.php\/wp-json\/wp\/v2\/users\/3"}],"replies":[{"embeddable":true,"href":"https:\/\/www.radiomais.ao\/index.php\/wp-json\/wp\/v2\/comments?post=5995"}],"version-history":[{"count":1,"href":"https:\/\/www.radiomais.ao\/index.php\/wp-json\/wp\/v2\/posts\/5995\/revisions"}],"predecessor-version":[{"id":5997,"href":"https:\/\/www.radiomais.ao\/index.php\/wp-json\/wp\/v2\/posts\/5995\/revisions\/5997"}],"wp:featuredmedia":[{"embeddable":true,"href":"https:\/\/www.radiomais.ao\/index.php\/wp-json\/wp\/v2\/media\/5996"}],"wp:attachment":[{"href":"https:\/\/www.radiomais.ao\/index.php\/wp-json\/wp\/v2\/media?parent=5995"}],"wp:term":[{"taxonomy":"category","embeddable":true,"href":"https:\/\/www.radiomais.ao\/index.php\/wp-json\/wp\/v2\/categories?post=5995"},{"taxonomy":"post_tag","embeddable":true,"href":"https:\/\/www.radiomais.ao\/index.php\/wp-json\/wp\/v2\/tags?post=5995"}],"curies":[{"name":"wp","href":"https:\/\/api.w.org\/{rel}","templated":true}]}}