{"id":5998,"date":"2026-04-28T10:42:31","date_gmt":"2026-04-28T09:42:31","guid":{"rendered":"https:\/\/www.radiomais.ao\/?p=5998"},"modified":"2026-04-28T10:42:31","modified_gmt":"2026-04-28T09:42:31","slug":"crianca-foge-de-casa-por-abuso-sexual-recorrente-praticado-pelos-primos","status":"publish","type":"post","link":"https:\/\/www.radiomais.ao\/index.php\/2026\/04\/28\/crianca-foge-de-casa-por-abuso-sexual-recorrente-praticado-pelos-primos\/","title":{"rendered":"Crian\u00e7a foge de casa por abuso sexual recorrente praticado pelos primos."},"content":{"rendered":"\n<p>O balan\u00e7o do Instituto Nacional da Crian\u00e7a (INAC) divulgado nesta Segunda-feira, aquando das ocorr\u00eancias contra crian\u00e7as registadas na \u00faltima semana (19 a 25 de Abril), d\u00e1 conta de 13 casos de abuso sexual perpetrados contra os menores.<\/p>\n\n\n\n<p>Uma menor, de 12 anos, no munic\u00edpio da Calumbo, prov\u00edncia do Icolo e Bengo, tem sido recorrentemente abusada sexualmente pelos pr\u00f3prios primos, de 17 e 27 anos, ambos residentes na mesma casa em que vive a v\u00edtima.Segundo o INAC, atrav\u00e9s da sua porta-voz, Rosalina Domingos, a menor viu- se obrigada a fugir de casa e pe dir ajuda aos vizinhos.<\/p>\n\n\n\n<p>\u201cDe acordo com a den\u00fancia, os av\u00f4s tinham conhecimento da situa\u00e7\u00e3o, mas nada fizeram quanto a isso\u201d, afirmou a porta-voz, que relatou que outros casos de abuso sexual ocorreram nas prov\u00edncias de Luanda, Benguela, Zaire e Cunene. Na capital do pa\u00eds, destacam- se os casos ocorridos no munic\u00edo da Maianga e no munic\u00edpio do Kilamba Kiaxi. No primeiro caso, a menor tem 14 anos e \u00e9 v\u00edtima de abuso sexual praticado pelo vizinho adulto, que convidou a v\u00edtima para sua resid\u00eancia e consumou o acto, que resultou em gesta\u00e7\u00e3o.<\/p>\n","protected":false},"excerpt":{"rendered":"<p>O balan\u00e7o do Instituto Nacional da Crian\u00e7a (INAC) divulgado nesta Segunda-feira, aquando das ocorr\u00eancias contra crian\u00e7as registadas na \u00faltima semana (19 a 25 de Abril), d\u00e1 conta de 13 casos de abuso sexual perpetrados contra os menores. Uma menor, de 12 anos, no munic\u00edpio da Calumbo, prov\u00edncia do Icolo e Bengo, tem sido recorrentemente abusada [&hellip;]<\/p>\n","protected":false},"author":3,"featured_media":5999,"comment_status":"open","ping_status":"open","sticky":false,"template":"","format":"standard","meta":{"footnotes":""},"categories":[16],"tags":[2494],"class_list":["post-5998","post","type-post","status-publish","format-standard","has-post-thumbnail","hentry","category-actualidade","tag-crianca-foge-de-casa-por-abuso-sexual-recorrente-praticado-pelos-primos"],"blocksy_meta":[],"_links":{"self":[{"href":"https:\/\/www.radiomais.ao\/index.php\/wp-json\/wp\/v2\/posts\/5998","targetHints":{"allow":["GET"]}}],"collection":[{"href":"https:\/\/www.radiomais.ao\/index.php\/wp-json\/wp\/v2\/posts"}],"about":[{"href":"https:\/\/www.radiomais.ao\/index.php\/wp-json\/wp\/v2\/types\/post"}],"author":[{"embeddable":true,"href":"https:\/\/www.radiomais.ao\/index.php\/wp-json\/wp\/v2\/users\/3"}],"replies":[{"embeddable":true,"href":"https:\/\/www.radiomais.ao\/index.php\/wp-json\/wp\/v2\/comments?post=5998"}],"version-history":[{"count":1,"href":"https:\/\/www.radiomais.ao\/index.php\/wp-json\/wp\/v2\/posts\/5998\/revisions"}],"predecessor-version":[{"id":6000,"href":"https:\/\/www.radiomais.ao\/index.php\/wp-json\/wp\/v2\/posts\/5998\/revisions\/6000"}],"wp:featuredmedia":[{"embeddable":true,"href":"https:\/\/www.radiomais.ao\/index.php\/wp-json\/wp\/v2\/media\/5999"}],"wp:attachment":[{"href":"https:\/\/www.radiomais.ao\/index.php\/wp-json\/wp\/v2\/media?parent=5998"}],"wp:term":[{"taxonomy":"category","embeddable":true,"href":"https:\/\/www.radiomais.ao\/index.php\/wp-json\/wp\/v2\/categories?post=5998"},{"taxonomy":"post_tag","embeddable":true,"href":"https:\/\/www.radiomais.ao\/index.php\/wp-json\/wp\/v2\/tags?post=5998"}],"curies":[{"name":"wp","href":"https:\/\/api.w.org\/{rel}","templated":true}]}}