{"id":6001,"date":"2026-04-28T10:50:05","date_gmt":"2026-04-28T09:50:05","guid":{"rendered":"https:\/\/www.radiomais.ao\/?p=6001"},"modified":"2026-04-28T10:50:05","modified_gmt":"2026-04-28T09:50:05","slug":"angola-participa-na-cimeira-regional-da-saude-em-nairobi","status":"publish","type":"post","link":"https:\/\/www.radiomais.ao\/index.php\/2026\/04\/28\/angola-participa-na-cimeira-regional-da-saude-em-nairobi\/","title":{"rendered":"Angola participa na Cimeira Regional da Sa\u00fade em Nairobi"},"content":{"rendered":"\n<p>A Ministra da Sa\u00fade de Angola, S\u00edlvia Lutucuta, encontra-se em Nairobi, Rep\u00fablica do Qu\u00e9nia, onde participa na Reuni\u00e3o Regional da Cimeira Mundial da Sa\u00fade 2026, que decorre de 27 a 29 de Abril, sob o lema \u201cReimaginando os Sistemas de Sa\u00fade de \u00c1frica: Inova\u00e7\u00e3o, Integra\u00e7\u00e3o e Interdepend\u00eancia\u201d.<\/p>\n\n\n\n<p>O evento re\u00fane l\u00edderes governamentais, especialistas e parceiros internacionais do sector da sa\u00fade, numa iniciativa conjunta da Organiza\u00e7\u00e3o Mundial da Sa\u00fade e da Universidade Aga Khan. Durante a Reuni\u00e3o de Alto N\u00edvel do Comit\u00e9 de Ministros da \u00c1frica CDC sobre a Arquitectura Global da Sa\u00fade, a ministra Lutucuta destacou que a reforma dos sistemas de sa\u00fade em \u00c1frica deve assentar na lideran\u00e7a nacional, no financiamento sustent\u00e1vel, na produ\u00e7\u00e3o local de vacinas, medicamentos e tecnologias, bem como no refor\u00e7o da capacidade de resposta a emerg\u00eancias e na equidade no acesso aos servi\u00e7os de sa\u00fade.<\/p>\n\n\n\n<p>Sublinhou ainda os investimentos de Angola no fortalecimento dos cuidados de sa\u00fade prim\u00e1rios, na forma\u00e7\u00e3o de milhares de profissionais, na vigil\u00e2ncia epidemiol\u00f3gica e na expans\u00e3o da rede laboratorial. A governante evidenciou tamb\u00e9m ac\u00e7\u00f5es concretas, como a contribui\u00e7\u00e3o de Angola para o Fundo Africano de Epidemias, o impulso \u00e0 produ\u00e7\u00e3o farmac\u00eautica nacional, a cria\u00e7\u00e3o de centros de opera\u00e7\u00f5es de emerg\u00eancia em sa\u00fade p\u00fablica e o refor\u00e7o do envolvimento comunit\u00e1rio no controlo de doen\u00e7as como a c\u00f3lera.<\/p>\n","protected":false},"excerpt":{"rendered":"<p>A Ministra da Sa\u00fade de Angola, S\u00edlvia Lutucuta, encontra-se em Nairobi, Rep\u00fablica do Qu\u00e9nia, onde participa na Reuni\u00e3o Regional da Cimeira Mundial da Sa\u00fade 2026, que decorre de 27 a 29 de Abril, sob o lema \u201cReimaginando os Sistemas de Sa\u00fade de \u00c1frica: Inova\u00e7\u00e3o, Integra\u00e7\u00e3o e Interdepend\u00eancia\u201d. O evento re\u00fane l\u00edderes governamentais, especialistas e parceiros [&hellip;]<\/p>\n","protected":false},"author":3,"featured_media":6002,"comment_status":"open","ping_status":"open","sticky":false,"template":"","format":"standard","meta":{"footnotes":""},"categories":[16],"tags":[2495],"class_list":["post-6001","post","type-post","status-publish","format-standard","has-post-thumbnail","hentry","category-actualidade","tag-angola-participa-na-cimeira-regional-da-saude-em-nairobi"],"blocksy_meta":[],"_links":{"self":[{"href":"https:\/\/www.radiomais.ao\/index.php\/wp-json\/wp\/v2\/posts\/6001","targetHints":{"allow":["GET"]}}],"collection":[{"href":"https:\/\/www.radiomais.ao\/index.php\/wp-json\/wp\/v2\/posts"}],"about":[{"href":"https:\/\/www.radiomais.ao\/index.php\/wp-json\/wp\/v2\/types\/post"}],"author":[{"embeddable":true,"href":"https:\/\/www.radiomais.ao\/index.php\/wp-json\/wp\/v2\/users\/3"}],"replies":[{"embeddable":true,"href":"https:\/\/www.radiomais.ao\/index.php\/wp-json\/wp\/v2\/comments?post=6001"}],"version-history":[{"count":1,"href":"https:\/\/www.radiomais.ao\/index.php\/wp-json\/wp\/v2\/posts\/6001\/revisions"}],"predecessor-version":[{"id":6003,"href":"https:\/\/www.radiomais.ao\/index.php\/wp-json\/wp\/v2\/posts\/6001\/revisions\/6003"}],"wp:featuredmedia":[{"embeddable":true,"href":"https:\/\/www.radiomais.ao\/index.php\/wp-json\/wp\/v2\/media\/6002"}],"wp:attachment":[{"href":"https:\/\/www.radiomais.ao\/index.php\/wp-json\/wp\/v2\/media?parent=6001"}],"wp:term":[{"taxonomy":"category","embeddable":true,"href":"https:\/\/www.radiomais.ao\/index.php\/wp-json\/wp\/v2\/categories?post=6001"},{"taxonomy":"post_tag","embeddable":true,"href":"https:\/\/www.radiomais.ao\/index.php\/wp-json\/wp\/v2\/tags?post=6001"}],"curies":[{"name":"wp","href":"https:\/\/api.w.org\/{rel}","templated":true}]}}