{"id":6004,"date":"2026-04-28T10:57:35","date_gmt":"2026-04-28T09:57:35","guid":{"rendered":"https:\/\/www.radiomais.ao\/?p=6004"},"modified":"2026-04-28T10:57:35","modified_gmt":"2026-04-28T09:57:35","slug":"pgr-em-benguela-desafia-cidadaos-a-denunciarem-casos-de-corrupcao-envolvendo-magistrados","status":"publish","type":"post","link":"https:\/\/www.radiomais.ao\/index.php\/2026\/04\/28\/pgr-em-benguela-desafia-cidadaos-a-denunciarem-casos-de-corrupcao-envolvendo-magistrados\/","title":{"rendered":"PGR em Benguela desafia cidad\u00e3os a denunciarem casos de corrup\u00e7\u00e3o envolvendo magistrados."},"content":{"rendered":"\n<p><strong>O subprocurador da Rep\u00fablica titular de Benguela, Sim\u00e3o Cafala, diz que a sua institui\u00e7\u00e3o n\u00e3o tem registo de nenhum caso de corrup\u00e7\u00e3o na justi\u00e7a, envolvendo magistrados, quer sejam eles do Minist\u00e9rio P\u00fablico, quer do judicial. Entretanto, em fun\u00e7\u00e3o disso, o procurador desafia os cidad\u00e3os a baterem \u00e0 porta da sua institui\u00e7\u00e3o e denunciarem situa\u00e7\u00f5es de que tenham conhecimento, de modo a que se despoletem processos-crime cab\u00edveis<\/strong><\/p>\n\n\n\n<p>O subprocurador-geral da Rep\u00fablica titular de Benguela, Sim\u00e3o Cafala, garante que, na prov\u00edncia, n\u00e3o existe nenhum caso de corrup\u00e7\u00e3o envolvendo magistrados. \u201cNem sobre actos de funcion\u00e1rios, mas o que n\u00e3o significa que n\u00e3o possa existir.<\/p>\n\n\n\n<p>No mundo das hip\u00f3teses, tudo \u00e9 poss\u00edvel\u201d, sinaliza, ao desafiar os cidad\u00e3os a denunciarem eventuais actos de corrup\u00e7\u00e3o a n\u00edvel da justi\u00e7a e n\u00e3o s\u00f3 denunciem ao Minist\u00e9rio P\u00fablico casos de corrup\u00e7\u00e3o envolvendo magistrados, de modo a que a sua institui\u00e7\u00e3o, no \u00e2mbito das suas prerrogativas, des- polete os mecanismos processuais adequados para responder a tais situa\u00e7\u00f5es.<\/p>\n\n\n\n<p>O magistrado falava \u00e0 margem da abertura oficial da Semana da Legalidade Lembra que o lema definido, relativo \u00e0 \u201cactua\u00e7\u00e3o do Minist\u00e9rio P\u00fablico na Justi\u00e7a Administrativa\u201d, \u00e9 bastante pontual. No fundo, disse Cafala, tem que ver com aquilo que deve ser o papel do Minist\u00e9rio P\u00fablico no que se refere \u00e0s quest\u00f5es de natureza administrativa, sobretudo aquelas relacionadas com os poderes p\u00fablicos na prossecu\u00e7\u00e3o de interesse p\u00fablico.<\/p>\n","protected":false},"excerpt":{"rendered":"<p>O subprocurador da Rep\u00fablica titular de Benguela, Sim\u00e3o Cafala, diz que a sua institui\u00e7\u00e3o n\u00e3o tem registo de nenhum caso de corrup\u00e7\u00e3o na justi\u00e7a, envolvendo magistrados, quer sejam eles do Minist\u00e9rio P\u00fablico, quer do judicial. Entretanto, em fun\u00e7\u00e3o disso, o procurador desafia os cidad\u00e3os a baterem \u00e0 porta da sua institui\u00e7\u00e3o e denunciarem situa\u00e7\u00f5es de [&hellip;]<\/p>\n","protected":false},"author":3,"featured_media":0,"comment_status":"open","ping_status":"open","sticky":false,"template":"","format":"standard","meta":{"footnotes":""},"categories":[16],"tags":[2512],"class_list":["post-6004","post","type-post","status-publish","format-standard","hentry","category-actualidade","tag-pgr-em-benguela-desafia-cidadaos-a-denunciarem-casos-de-corrupcao-envolvendo-magistrados"],"blocksy_meta":[],"_links":{"self":[{"href":"https:\/\/www.radiomais.ao\/index.php\/wp-json\/wp\/v2\/posts\/6004","targetHints":{"allow":["GET"]}}],"collection":[{"href":"https:\/\/www.radiomais.ao\/index.php\/wp-json\/wp\/v2\/posts"}],"about":[{"href":"https:\/\/www.radiomais.ao\/index.php\/wp-json\/wp\/v2\/types\/post"}],"author":[{"embeddable":true,"href":"https:\/\/www.radiomais.ao\/index.php\/wp-json\/wp\/v2\/users\/3"}],"replies":[{"embeddable":true,"href":"https:\/\/www.radiomais.ao\/index.php\/wp-json\/wp\/v2\/comments?post=6004"}],"version-history":[{"count":1,"href":"https:\/\/www.radiomais.ao\/index.php\/wp-json\/wp\/v2\/posts\/6004\/revisions"}],"predecessor-version":[{"id":6005,"href":"https:\/\/www.radiomais.ao\/index.php\/wp-json\/wp\/v2\/posts\/6004\/revisions\/6005"}],"wp:attachment":[{"href":"https:\/\/www.radiomais.ao\/index.php\/wp-json\/wp\/v2\/media?parent=6004"}],"wp:term":[{"taxonomy":"category","embeddable":true,"href":"https:\/\/www.radiomais.ao\/index.php\/wp-json\/wp\/v2\/categories?post=6004"},{"taxonomy":"post_tag","embeddable":true,"href":"https:\/\/www.radiomais.ao\/index.php\/wp-json\/wp\/v2\/tags?post=6004"}],"curies":[{"name":"wp","href":"https:\/\/api.w.org\/{rel}","templated":true}]}}