{"id":6006,"date":"2026-04-28T11:06:44","date_gmt":"2026-04-28T10:06:44","guid":{"rendered":"https:\/\/www.radiomais.ao\/?p=6006"},"modified":"2026-04-28T11:06:44","modified_gmt":"2026-04-28T10:06:44","slug":"programa-kwenda-beneficia-mil-familias-no-municipio-sede-do-uige","status":"publish","type":"post","link":"https:\/\/www.radiomais.ao\/index.php\/2026\/04\/28\/programa-kwenda-beneficia-mil-familias-no-municipio-sede-do-uige\/","title":{"rendered":"Programa Kwenda beneficia mil fam\u00edlias no munic\u00edpio sede do U\u00edge"},"content":{"rendered":"\n<p>No \u00e2mbito da implementa\u00e7\u00e3o do programa Kwenda, mil fam\u00edlias do munic\u00edpio sede da prov\u00edncia do U\u00edge come\u00e7aram a beneficiar, desde ontem, 28 de Abril, de transfer\u00eancias sociais monet\u00e1rias, no \u00e2mbito da fase piloto do Kwenda 2.<\/p>\n\n\n\n<p>Ao n\u00edvel do munic\u00edpio do U\u00edge, est\u00e3o previstos mil benefici\u00e1rios provenientes das comunas do Luanga, Cancungo, Casseche e da comuna-sede. No Kwenda 2, o benef\u00edcio ser\u00e1 atribu\u00eddo por categoria de vulnerabilidade. Para a fase piloto, est\u00e3o cadastradas 41 pessoas com albinismo e 335 pessoas com defici\u00eancia.<\/p>\n\n\n\n<p>Na categoria de idosos em situa\u00e7\u00e3o de depend\u00eancia f\u00edsica, econ\u00f3mica, risco de exclus\u00e3o social ou isolamento, foram cadastradas 354 pessoas, enquanto que na categoria de pessoas com doen\u00e7as cr\u00f3nicas ou em cuidados continuados de sa\u00fade, foram registadas 197, na categoria de crian\u00e7as e jovens com necessidades especiais, foram cadastrados 73 benefici\u00e1rios.<\/p>\n\n\n\n<p>Lan\u00e7ada em Outubro de 2025, a fase piloto do Kwenda 2 est\u00e1 a servir para testar v\u00e1rios aspectos que concorrem para o sucesso da sua implementa\u00e7\u00e3o, o que significa que o programa dever\u00e1 expandir-se progressivamente.<\/p>\n\n\n\n<p>Al\u00e9m das categorias de vulnerabilidade, a segunda fase do Kwenda tem como principais linhas de interven\u00e7\u00e3o o investimento no capital humano, com especial enfoque na primeira inf\u00e2ncia, o refor\u00e7o da resili\u00eancia e da capacidade de adapta\u00e7\u00e3o das fam\u00edlias aos choques clim\u00e1ticos e a melhoria das oportunidades produtivas das fam\u00edlias.<\/p>\n","protected":false},"excerpt":{"rendered":"<p>No \u00e2mbito da implementa\u00e7\u00e3o do programa Kwenda, mil fam\u00edlias do munic\u00edpio sede da prov\u00edncia do U\u00edge come\u00e7aram a beneficiar, desde ontem, 28 de Abril, de transfer\u00eancias sociais monet\u00e1rias, no \u00e2mbito da fase piloto do Kwenda 2. Ao n\u00edvel do munic\u00edpio do U\u00edge, est\u00e3o previstos mil benefici\u00e1rios provenientes das comunas do Luanga, Cancungo, Casseche e da [&hellip;]<\/p>\n","protected":false},"author":3,"featured_media":6007,"comment_status":"open","ping_status":"open","sticky":false,"template":"","format":"standard","meta":{"footnotes":""},"categories":[16],"tags":[2513],"class_list":["post-6006","post","type-post","status-publish","format-standard","has-post-thumbnail","hentry","category-actualidade","tag-kwenda-beneficia-mil-familias-no-municipio-sede-do-uige"],"blocksy_meta":[],"_links":{"self":[{"href":"https:\/\/www.radiomais.ao\/index.php\/wp-json\/wp\/v2\/posts\/6006","targetHints":{"allow":["GET"]}}],"collection":[{"href":"https:\/\/www.radiomais.ao\/index.php\/wp-json\/wp\/v2\/posts"}],"about":[{"href":"https:\/\/www.radiomais.ao\/index.php\/wp-json\/wp\/v2\/types\/post"}],"author":[{"embeddable":true,"href":"https:\/\/www.radiomais.ao\/index.php\/wp-json\/wp\/v2\/users\/3"}],"replies":[{"embeddable":true,"href":"https:\/\/www.radiomais.ao\/index.php\/wp-json\/wp\/v2\/comments?post=6006"}],"version-history":[{"count":1,"href":"https:\/\/www.radiomais.ao\/index.php\/wp-json\/wp\/v2\/posts\/6006\/revisions"}],"predecessor-version":[{"id":6008,"href":"https:\/\/www.radiomais.ao\/index.php\/wp-json\/wp\/v2\/posts\/6006\/revisions\/6008"}],"wp:featuredmedia":[{"embeddable":true,"href":"https:\/\/www.radiomais.ao\/index.php\/wp-json\/wp\/v2\/media\/6007"}],"wp:attachment":[{"href":"https:\/\/www.radiomais.ao\/index.php\/wp-json\/wp\/v2\/media?parent=6006"}],"wp:term":[{"taxonomy":"category","embeddable":true,"href":"https:\/\/www.radiomais.ao\/index.php\/wp-json\/wp\/v2\/categories?post=6006"},{"taxonomy":"post_tag","embeddable":true,"href":"https:\/\/www.radiomais.ao\/index.php\/wp-json\/wp\/v2\/tags?post=6006"}],"curies":[{"name":"wp","href":"https:\/\/api.w.org\/{rel}","templated":true}]}}