{"id":6013,"date":"2026-04-29T10:06:02","date_gmt":"2026-04-29T09:06:02","guid":{"rendered":"https:\/\/www.radiomais.ao\/?p=6013"},"modified":"2026-04-29T10:06:02","modified_gmt":"2026-04-29T09:06:02","slug":"presidente-da-republica-da-o-tiro-de-largada-rumo-ao-reforco-da-soberania-digital-e-proteccao-de-dados-em-angola","status":"publish","type":"post","link":"https:\/\/www.radiomais.ao\/index.php\/2026\/04\/29\/presidente-da-republica-da-o-tiro-de-largada-rumo-ao-reforco-da-soberania-digital-e-proteccao-de-dados-em-angola\/","title":{"rendered":"Presidente da Rep\u00fablica \u201cd\u00e1 o tiro de largada\u201d rumo ao refor\u00e7o da soberania digital e protec\u00e7\u00e3o de dados em Angola."},"content":{"rendered":"\n<p><strong>O Presidente da Rep\u00fablica, Jo\u00e3o Louren\u00e7o, deu ontem, em Luanda, \u201co tiro de largada\u201d da longa caminhada rumo \u00e0 efectiva\u00e7\u00e3o da transforma\u00e7\u00e3o e da conquista da soberania digital do pa\u00eds, ao proceder \u00e0 inaugura\u00e7\u00e3o do Data Center e Cloud do Governo<\/strong><\/p>\n\n\n\n<p>O ministro das Telecomunica\u00e7\u00f5es, Tecnologias de Informa\u00e7\u00e3o e Comunica\u00e7\u00e3o Social, M\u00e1rio de Oliveira, afirmou que a inaugura\u00e7\u00e3o dessa infra-estrutura estrat\u00e9gica marca, de forma inequ\u00edvoca, a entrada do pa\u00eds numa nova etapa da sua traject\u00f3ria digital e descreveu o dia de ontem como \u201co primeiro de uma longa caminhada\u201d.<\/p>\n\n\n\n<p>Justificou que o Data Center e Cloud representa, acima de tudo, uma afirma\u00e7\u00e3o clara da soberania digital de Angola, resultante de um compromisso com a moderniza\u00e7\u00e3o administrativa e uma aposta concreta na constru\u00e7\u00e3o de um ecossistema digital robusto, resiliente e inclusivo.<\/p>\n\n\n\n<p>Constru\u00eddo em 10 meses, suportado por um investimento de 89 milh\u00f5es de d\u00f3lares, o Data Center visa dar resposta \u00e0 necessidade de se refor\u00e7ar a capacidade nacional de armazenamento, processamento e protec\u00e7\u00e3o de dados, considerada como condi\u00e7\u00e3o indispens\u00e1vel para garantir efici\u00eancia, seguran\u00e7a e autonomia tecnol\u00f3gica, segundo a fonte.<\/p>\n","protected":false},"excerpt":{"rendered":"<p>O Presidente da Rep\u00fablica, Jo\u00e3o Louren\u00e7o, deu ontem, em Luanda, \u201co tiro de largada\u201d da longa caminhada rumo \u00e0 efectiva\u00e7\u00e3o da transforma\u00e7\u00e3o e da conquista da soberania digital do pa\u00eds, ao proceder \u00e0 inaugura\u00e7\u00e3o do Data Center e Cloud do Governo O ministro das Telecomunica\u00e7\u00f5es, Tecnologias de Informa\u00e7\u00e3o e Comunica\u00e7\u00e3o Social, M\u00e1rio de Oliveira, afirmou [&hellip;]<\/p>\n","protected":false},"author":3,"featured_media":6014,"comment_status":"open","ping_status":"open","sticky":false,"template":"","format":"standard","meta":{"footnotes":""},"categories":[1],"tags":[22,2515],"class_list":["post-6013","post","type-post","status-publish","format-standard","has-post-thumbnail","hentry","category-uncategorized","tag-destaque","tag-presidente-da-republica-da-o-tiro-de-largada"],"blocksy_meta":[],"_links":{"self":[{"href":"https:\/\/www.radiomais.ao\/index.php\/wp-json\/wp\/v2\/posts\/6013","targetHints":{"allow":["GET"]}}],"collection":[{"href":"https:\/\/www.radiomais.ao\/index.php\/wp-json\/wp\/v2\/posts"}],"about":[{"href":"https:\/\/www.radiomais.ao\/index.php\/wp-json\/wp\/v2\/types\/post"}],"author":[{"embeddable":true,"href":"https:\/\/www.radiomais.ao\/index.php\/wp-json\/wp\/v2\/users\/3"}],"replies":[{"embeddable":true,"href":"https:\/\/www.radiomais.ao\/index.php\/wp-json\/wp\/v2\/comments?post=6013"}],"version-history":[{"count":1,"href":"https:\/\/www.radiomais.ao\/index.php\/wp-json\/wp\/v2\/posts\/6013\/revisions"}],"predecessor-version":[{"id":6015,"href":"https:\/\/www.radiomais.ao\/index.php\/wp-json\/wp\/v2\/posts\/6013\/revisions\/6015"}],"wp:featuredmedia":[{"embeddable":true,"href":"https:\/\/www.radiomais.ao\/index.php\/wp-json\/wp\/v2\/media\/6014"}],"wp:attachment":[{"href":"https:\/\/www.radiomais.ao\/index.php\/wp-json\/wp\/v2\/media?parent=6013"}],"wp:term":[{"taxonomy":"category","embeddable":true,"href":"https:\/\/www.radiomais.ao\/index.php\/wp-json\/wp\/v2\/categories?post=6013"},{"taxonomy":"post_tag","embeddable":true,"href":"https:\/\/www.radiomais.ao\/index.php\/wp-json\/wp\/v2\/tags?post=6013"}],"curies":[{"name":"wp","href":"https:\/\/api.w.org\/{rel}","templated":true}]}}