{"id":6016,"date":"2026-04-29T10:31:55","date_gmt":"2026-04-29T09:31:55","guid":{"rendered":"https:\/\/www.radiomais.ao\/?p=6016"},"modified":"2026-04-29T10:31:55","modified_gmt":"2026-04-29T09:31:55","slug":"ex-ministro-da-defesa-assume-chefia-da-casa-militar-do-presidente-da-republica","status":"publish","type":"post","link":"https:\/\/www.radiomais.ao\/index.php\/2026\/04\/29\/ex-ministro-da-defesa-assume-chefia-da-casa-militar-do-presidente-da-republica\/","title":{"rendered":"Ex-ministro da Defesa assume chefia da Casa Militar do Presidente da Rep\u00fablica."},"content":{"rendered":"\n<p>O antigo ministro da Defesa Nacional, Antigos Combatentes e Veteranos da P\u00e1tria, Jo\u00e3o Ernesto dos Santos, foi nomeado ministro de Estado e Chefe da Casa Militar do Presidente da Rep\u00fablica, em substitui\u00e7\u00e3o ao general Francisco Pereira Furtado, que exercia o cargo desde 1 de Setembro de 2022.<\/p>\n\n\n\n<p>A decis\u00e3o foi formalizada por Decreto Presidencial assinado pelo Chefe de Estado, Jo\u00e3o Louren\u00e7o, ao abrigo da Constitui\u00e7\u00e3o da Rep\u00fablica de Angola e por conveni\u00eancia de servi\u00e7o. No mesmo diploma, o Presidente da Rep\u00fablica determinou a exonera\u00e7\u00e3o de Francisco Pereira Furtado das fun\u00e7\u00f5es de ministro de Estado e Chefe da Casa Militar.<\/p>\n\n\n\n<p>Em paralelo, foi igualmente exonerado Jo\u00e3o Ernesto dos Santos \u201cLiberdade\u201d do cargo de ministro da Defesa Nacional, Antigos Combatentes e Veteranos da P\u00e1tria, posi\u00e7\u00e3o que ocupava desde Setembro de 2022. Francisco Pereira Furtado \u00e9 uma figura de relevo nas For\u00e7as Armadas Angolanas, tendo desempenhado, entre 2006 e 2010, as fun\u00e7\u00f5es de Chefe de Estado- Maior General das FAA. O Chefe da Casa Militar do Presidente da Rep\u00fablica \u00e9 o ministro de Estado respons\u00e1vel por assessorar o Comandante-em-Chefe em seguran\u00e7a nacional, defesa e protec\u00e7\u00e3o presidencial.<\/p>\n","protected":false},"excerpt":{"rendered":"<p>O antigo ministro da Defesa Nacional, Antigos Combatentes e Veteranos da P\u00e1tria, Jo\u00e3o Ernesto dos Santos, foi nomeado ministro de Estado e Chefe da Casa Militar do Presidente da Rep\u00fablica, em substitui\u00e7\u00e3o ao general Francisco Pereira Furtado, que exercia o cargo desde 1 de Setembro de 2022. A decis\u00e3o foi formalizada por Decreto Presidencial assinado [&hellip;]<\/p>\n","protected":false},"author":3,"featured_media":6017,"comment_status":"open","ping_status":"open","sticky":false,"template":"","format":"standard","meta":{"footnotes":""},"categories":[16],"tags":[2516],"class_list":["post-6016","post","type-post","status-publish","format-standard","has-post-thumbnail","hentry","category-actualidade","tag-ex-ministro-da-defesa-assume-chefia-da-casa-militar-do-presidente-da-republica"],"blocksy_meta":[],"_links":{"self":[{"href":"https:\/\/www.radiomais.ao\/index.php\/wp-json\/wp\/v2\/posts\/6016","targetHints":{"allow":["GET"]}}],"collection":[{"href":"https:\/\/www.radiomais.ao\/index.php\/wp-json\/wp\/v2\/posts"}],"about":[{"href":"https:\/\/www.radiomais.ao\/index.php\/wp-json\/wp\/v2\/types\/post"}],"author":[{"embeddable":true,"href":"https:\/\/www.radiomais.ao\/index.php\/wp-json\/wp\/v2\/users\/3"}],"replies":[{"embeddable":true,"href":"https:\/\/www.radiomais.ao\/index.php\/wp-json\/wp\/v2\/comments?post=6016"}],"version-history":[{"count":1,"href":"https:\/\/www.radiomais.ao\/index.php\/wp-json\/wp\/v2\/posts\/6016\/revisions"}],"predecessor-version":[{"id":6018,"href":"https:\/\/www.radiomais.ao\/index.php\/wp-json\/wp\/v2\/posts\/6016\/revisions\/6018"}],"wp:featuredmedia":[{"embeddable":true,"href":"https:\/\/www.radiomais.ao\/index.php\/wp-json\/wp\/v2\/media\/6017"}],"wp:attachment":[{"href":"https:\/\/www.radiomais.ao\/index.php\/wp-json\/wp\/v2\/media?parent=6016"}],"wp:term":[{"taxonomy":"category","embeddable":true,"href":"https:\/\/www.radiomais.ao\/index.php\/wp-json\/wp\/v2\/categories?post=6016"},{"taxonomy":"post_tag","embeddable":true,"href":"https:\/\/www.radiomais.ao\/index.php\/wp-json\/wp\/v2\/tags?post=6016"}],"curies":[{"name":"wp","href":"https:\/\/api.w.org\/{rel}","templated":true}]}}