{"id":6019,"date":"2026-04-29T10:41:42","date_gmt":"2026-04-29T09:41:42","guid":{"rendered":"https:\/\/www.radiomais.ao\/?p=6019"},"modified":"2026-04-29T10:41:42","modified_gmt":"2026-04-29T09:41:42","slug":"acusada-de-peculato-ex-ministra-das-pescas-vai-hoje-a-julgamento-no-supremo","status":"publish","type":"post","link":"https:\/\/www.radiomais.ao\/index.php\/2026\/04\/29\/acusada-de-peculato-ex-ministra-das-pescas-vai-hoje-a-julgamento-no-supremo\/","title":{"rendered":"Acusada de peculato, ex-ministra das Pescas vai hoje a julgamento no Supremo."},"content":{"rendered":"\n<p><strong>O Tribunal Supremo d\u00e1 in\u00edcio, esta Quarta-feira, 29, \u00e0 sess\u00e3o de audi\u00eancia do julgamento da antiga ministra das Pescas, Vict\u00f3ria de Barros Neto, acusada do crime de peculato no processo registado sob o n.\u00ba 51\/25<\/strong><\/p>\n\n\n\n<p>Al\u00e9m da ex-governante, s\u00e3o igualmente arguidos Rafael Virg\u00edlio Pascoal, Yanga Nsalamby M\u00e1rio e Jaime Domingos Alves Primo, todos acusados pelo Minist\u00e9rio P\u00fablico da pr\u00e1tica do crime de peculato, nos termos dos artigos 362.\u00ba, n.\u00ba 1, al\u00ednea c), e 391.\u00ba, al\u00ednea a), do C\u00f3digo Penal vigente.<\/p>\n\n\n\n<p>O colectivo de ju\u00edzes \u00e9 presidi-do pelos ju\u00edzes conselheiros Jo\u00e3o Fuantoni, Nazar\u00e9 Pascoal e Artur Gunza. No caso, o Minist\u00e9rio P\u00fablico ser\u00e1 representado pelo procurador Lucas Ramos, enquanto a defesa dos arguidos \u00e9 assegurada por um colectivo de advogados, entre os quais Edson Lionjanga, Jorge Leit\u00e3o Ribeiro, H\u00e9lder Fernandes, Ant\u00f3nio Cruz e Janu\u00e1rio Cangungu.<\/p>\n\n\n\n<p>O referido processo-crime foi instaurado em Dezembro de 2019 pela Direc\u00e7\u00e3o Nacional de Investiga\u00e7\u00e3o e Ac\u00e7\u00e3o Penal (DNIAP), \u00f3rg\u00e3o da Procuradoria-Geral da Rep\u00fablica, tendo seguido para instru\u00e7\u00e3o contradit\u00f3ria em 2025. De acordo com as investiga\u00e7\u00f5es, a ent\u00e3o ministra Vict\u00f3ria de Barros Neto \u00e9 suspeita de envolvimento em esquemas de alegado desvio de fundos relacionados com a comercializa\u00e7\u00e3o de quotas de pesca atribu\u00eddas no \u00e2mbito de um acordo bilateral entre Angola e a Na- m\u00edbia, assinado em 2014.<\/p>\n","protected":false},"excerpt":{"rendered":"<p>O Tribunal Supremo d\u00e1 in\u00edcio, esta Quarta-feira, 29, \u00e0 sess\u00e3o de audi\u00eancia do julgamento da antiga ministra das Pescas, Vict\u00f3ria de Barros Neto, acusada do crime de peculato no processo registado sob o n.\u00ba 51\/25 Al\u00e9m da ex-governante, s\u00e3o igualmente arguidos Rafael Virg\u00edlio Pascoal, Yanga Nsalamby M\u00e1rio e Jaime Domingos Alves Primo, todos acusados pelo [&hellip;]<\/p>\n","protected":false},"author":3,"featured_media":6020,"comment_status":"open","ping_status":"open","sticky":false,"template":"","format":"standard","meta":{"footnotes":""},"categories":[16],"tags":[2517,2518],"class_list":["post-6019","post","type-post","status-publish","format-standard","has-post-thumbnail","hentry","category-actualidade","tag-acusada-de-peculato","tag-ex-ministra-das-pescas-vai-hoje-a-julgamento-no-supremo"],"blocksy_meta":[],"_links":{"self":[{"href":"https:\/\/www.radiomais.ao\/index.php\/wp-json\/wp\/v2\/posts\/6019","targetHints":{"allow":["GET"]}}],"collection":[{"href":"https:\/\/www.radiomais.ao\/index.php\/wp-json\/wp\/v2\/posts"}],"about":[{"href":"https:\/\/www.radiomais.ao\/index.php\/wp-json\/wp\/v2\/types\/post"}],"author":[{"embeddable":true,"href":"https:\/\/www.radiomais.ao\/index.php\/wp-json\/wp\/v2\/users\/3"}],"replies":[{"embeddable":true,"href":"https:\/\/www.radiomais.ao\/index.php\/wp-json\/wp\/v2\/comments?post=6019"}],"version-history":[{"count":1,"href":"https:\/\/www.radiomais.ao\/index.php\/wp-json\/wp\/v2\/posts\/6019\/revisions"}],"predecessor-version":[{"id":6021,"href":"https:\/\/www.radiomais.ao\/index.php\/wp-json\/wp\/v2\/posts\/6019\/revisions\/6021"}],"wp:featuredmedia":[{"embeddable":true,"href":"https:\/\/www.radiomais.ao\/index.php\/wp-json\/wp\/v2\/media\/6020"}],"wp:attachment":[{"href":"https:\/\/www.radiomais.ao\/index.php\/wp-json\/wp\/v2\/media?parent=6019"}],"wp:term":[{"taxonomy":"category","embeddable":true,"href":"https:\/\/www.radiomais.ao\/index.php\/wp-json\/wp\/v2\/categories?post=6019"},{"taxonomy":"post_tag","embeddable":true,"href":"https:\/\/www.radiomais.ao\/index.php\/wp-json\/wp\/v2\/tags?post=6019"}],"curies":[{"name":"wp","href":"https:\/\/api.w.org\/{rel}","templated":true}]}}