{"id":6022,"date":"2026-04-29T10:46:39","date_gmt":"2026-04-29T09:46:39","guid":{"rendered":"https:\/\/www.radiomais.ao\/?p=6022"},"modified":"2026-04-29T10:46:39","modified_gmt":"2026-04-29T09:46:39","slug":"anac-esclarece-suspensao-temporaria-de-voos-da-turkish","status":"publish","type":"post","link":"https:\/\/www.radiomais.ao\/index.php\/2026\/04\/29\/anac-esclarece-suspensao-temporaria-de-voos-da-turkish\/","title":{"rendered":"ANAC esclarece suspens\u00e3o tempor\u00e1ria de v\u00f4os da Turkish."},"content":{"rendered":"\n<p><strong>Autoridade Nacional da Avia\u00e7\u00e3o Civil (ANAC) recebeu, ontem, 28 de Abril, uma comunica\u00e7\u00e3o oficial da companhia a\u00e9rea Turkish Airlines a notificar a suspens\u00e3o tempor\u00e1ria das suas opera\u00e7\u00f5es de v\u00f4o para Angola<\/strong><\/p>\n\n\n\n<p>De acordo com a referida comunica\u00e7\u00e3o, a suspens\u00e3o decorrer\u00e1 entre 3 de Maio e 25 de Novembro de 2026, sendo justificada pela transportadora com factores externos \u00e0 sua opera\u00e7\u00e3o, nomeadamente, o aumento significativo dos custos de combust\u00edvel associado ao actual contexto geopol\u00edtico no M\u00e9dio Oriente.<\/p>\n\n\n\n<p>Segundo nota enviada ao OPA\u00cdS, a transportadora indica ainda que a decis\u00e3o tem car\u00e1cter tempor\u00e1rio, encontrando-se a acompanhar a evolu\u00e7\u00e3o das condi\u00e7\u00f5es operacionais com vista \u00e0 retoma dos v\u00f4os logo que as circunst\u00e2ncias permitirem. As rela\u00e7\u00f5es com as autoridades nacionais decorrem num quadro de elevada coopera\u00e7\u00e3o institucional, incluindo processos em curso relacionados com a regulariza\u00e7\u00e3o e repatriamento de receitas, no \u00e2mbito dos mecanismos institucionais competentes.<\/p>\n\n\n\n<p>\u201cA ANAC regista a comunica\u00e7\u00e3o da transportadora e acompanha a evolu\u00e7\u00e3o desta situa\u00e7\u00e3o, no quadro das suas compet\u00eancias de regula\u00e7\u00e3o e supervis\u00e3o do sector\u201d, l\u00ea-se na nota. A Autoridade, refere o do A Autoridade, refere o documento, reitera o seu compromisso com a seguran\u00e7a, a estabilidade e a sustentabilidade do sistema de avia\u00e7\u00e3o civil em Angola.<\/p>\n","protected":false},"excerpt":{"rendered":"<p>Autoridade Nacional da Avia\u00e7\u00e3o Civil (ANAC) recebeu, ontem, 28 de Abril, uma comunica\u00e7\u00e3o oficial da companhia a\u00e9rea Turkish Airlines a notificar a suspens\u00e3o tempor\u00e1ria das suas opera\u00e7\u00f5es de v\u00f4o para Angola De acordo com a referida comunica\u00e7\u00e3o, a suspens\u00e3o decorrer\u00e1 entre 3 de Maio e 25 de Novembro de 2026, sendo justificada pela transportadora com [&hellip;]<\/p>\n","protected":false},"author":3,"featured_media":6024,"comment_status":"open","ping_status":"open","sticky":false,"template":"","format":"standard","meta":{"footnotes":""},"categories":[16],"tags":[],"class_list":["post-6022","post","type-post","status-publish","format-standard","has-post-thumbnail","hentry","category-actualidade"],"blocksy_meta":[],"_links":{"self":[{"href":"https:\/\/www.radiomais.ao\/index.php\/wp-json\/wp\/v2\/posts\/6022","targetHints":{"allow":["GET"]}}],"collection":[{"href":"https:\/\/www.radiomais.ao\/index.php\/wp-json\/wp\/v2\/posts"}],"about":[{"href":"https:\/\/www.radiomais.ao\/index.php\/wp-json\/wp\/v2\/types\/post"}],"author":[{"embeddable":true,"href":"https:\/\/www.radiomais.ao\/index.php\/wp-json\/wp\/v2\/users\/3"}],"replies":[{"embeddable":true,"href":"https:\/\/www.radiomais.ao\/index.php\/wp-json\/wp\/v2\/comments?post=6022"}],"version-history":[{"count":1,"href":"https:\/\/www.radiomais.ao\/index.php\/wp-json\/wp\/v2\/posts\/6022\/revisions"}],"predecessor-version":[{"id":6025,"href":"https:\/\/www.radiomais.ao\/index.php\/wp-json\/wp\/v2\/posts\/6022\/revisions\/6025"}],"wp:featuredmedia":[{"embeddable":true,"href":"https:\/\/www.radiomais.ao\/index.php\/wp-json\/wp\/v2\/media\/6024"}],"wp:attachment":[{"href":"https:\/\/www.radiomais.ao\/index.php\/wp-json\/wp\/v2\/media?parent=6022"}],"wp:term":[{"taxonomy":"category","embeddable":true,"href":"https:\/\/www.radiomais.ao\/index.php\/wp-json\/wp\/v2\/categories?post=6022"},{"taxonomy":"post_tag","embeddable":true,"href":"https:\/\/www.radiomais.ao\/index.php\/wp-json\/wp\/v2\/tags?post=6022"}],"curies":[{"name":"wp","href":"https:\/\/api.w.org\/{rel}","templated":true}]}}