{"id":6026,"date":"2026-04-29T10:50:40","date_gmt":"2026-04-29T09:50:40","guid":{"rendered":"https:\/\/www.radiomais.ao\/?p=6026"},"modified":"2026-04-29T10:50:40","modified_gmt":"2026-04-29T09:50:40","slug":"ministro-diamantino-azevedo-garante-nao-haver-risco-de-paralisacao-da-refinaria-do-lobito","status":"publish","type":"post","link":"https:\/\/www.radiomais.ao\/index.php\/2026\/04\/29\/ministro-diamantino-azevedo-garante-nao-haver-risco-de-paralisacao-da-refinaria-do-lobito\/","title":{"rendered":"Ministro Diamantino Azevedo garante n\u00e3o haver \u201crisco de paralisa\u00e7\u00e3o\u201d da Refinaria do Lobito."},"content":{"rendered":"\n<p><strong>O ministro dos Recursos Minerais, Petr\u00f3leo e G\u00e1s garantiu, ontem, Ter\u00e7a-feira, 28, em Benguela, \u00e0 margem da visita da ministra dos Recursos Minerais e Energia do Botswana, que n\u00e3o h\u00e1 risco nenhum de as obras da Refinaria do Lobito (RL) pararem, ao ressaltar que, em termos de cronograma f\u00edsico, de acordo com o planeado, o projecto dever\u00e1 estar pronto em 2029. \u201cE, portanto, estamos nesse percurso\u201d, assegura Diamantino Azevedo, em declara\u00e7\u00f5es \u00e0 imprensa<\/strong><\/p>\n\n\n\n<p>Ministro dos Recursos Minerais, Petr\u00f3leo e G\u00e1s reiterou que est\u00e1 aberta a possibilidade de os pa\u00edses da SADC entrarem no projecto de Refinaria do Lobito, tanto para s\u00f3cio quanto para financiamento. Diamantino Azevedo gostaria que esses pa\u00edses \u00abolhassem com aten\u00e7\u00e3o\u00bb para a RL.<\/p>\n\n\n\n<p>Na visita do PR \u00e0 refinaria, em Janeiro deste ano, as autoridades informaram que, na altura, j\u00e1 s\u00f3 existiam pouco mais de 280 milh\u00f5es para as opera\u00e7\u00f5es at\u00e9 ao primeiro semestre deste ano Entretanto, o ministro Azevedo afirma que, apesar de n\u00e3o ter sido avan\u00e7ado este dado, n\u00e3o h\u00e1 risco nenhum de as obras pararem, ao adiantar que, em termos de cronograma em curso, na base do que est\u00e1 planeado, informou-se ao Presidente da Re- p\u00fablica que a refinaria \u201cestar\u00e1 totalmente pronta em 2029.<\/p>\n\n\n\n<p>E, portanto, estamos nesse percurso. Neste momento, n\u00e3o h\u00e1 press\u00e3o sobre o financiamento \u00e0 refinaria\u201d. Questionado sobre em que p\u00e9 estava o processo de capta\u00e7\u00e3o de financiamento a partir do Sindicato de Bancos Chineses e, tamb\u00e9m, a n\u00edvel da banca comercial angolana, como se revelou, em Janeiro deste ano, \u00e0 margem da visita do Presidente Jo\u00e3o Louren\u00e7o \u00e0 refinaria, o governante explica que o Governo Angolano n\u00e3o est\u00e1 sob press\u00e3o para aceitar qualquer tipo de financiamento para a RL, que prev\u00ea refinar, ao dia, 200 mil barris de petr\u00f3leo, e avaliado em mais de 6 mil milh\u00f5es de d\u00f3lares.<\/p>\n","protected":false},"excerpt":{"rendered":"<p>O ministro dos Recursos Minerais, Petr\u00f3leo e G\u00e1s garantiu, ontem, Ter\u00e7a-feira, 28, em Benguela, \u00e0 margem da visita da ministra dos Recursos Minerais e Energia do Botswana, que n\u00e3o h\u00e1 risco nenhum de as obras da Refinaria do Lobito (RL) pararem, ao ressaltar que, em termos de cronograma f\u00edsico, de acordo com o planeado, o [&hellip;]<\/p>\n","protected":false},"author":3,"featured_media":6027,"comment_status":"open","ping_status":"open","sticky":false,"template":"","format":"standard","meta":{"footnotes":""},"categories":[16],"tags":[2519],"class_list":["post-6026","post","type-post","status-publish","format-standard","has-post-thumbnail","hentry","category-actualidade","tag-ministro-diamantino-azevedo-garante-nao-haver-risco-de-paralisacao-da-refinaria-do-lobito"],"blocksy_meta":[],"_links":{"self":[{"href":"https:\/\/www.radiomais.ao\/index.php\/wp-json\/wp\/v2\/posts\/6026","targetHints":{"allow":["GET"]}}],"collection":[{"href":"https:\/\/www.radiomais.ao\/index.php\/wp-json\/wp\/v2\/posts"}],"about":[{"href":"https:\/\/www.radiomais.ao\/index.php\/wp-json\/wp\/v2\/types\/post"}],"author":[{"embeddable":true,"href":"https:\/\/www.radiomais.ao\/index.php\/wp-json\/wp\/v2\/users\/3"}],"replies":[{"embeddable":true,"href":"https:\/\/www.radiomais.ao\/index.php\/wp-json\/wp\/v2\/comments?post=6026"}],"version-history":[{"count":1,"href":"https:\/\/www.radiomais.ao\/index.php\/wp-json\/wp\/v2\/posts\/6026\/revisions"}],"predecessor-version":[{"id":6028,"href":"https:\/\/www.radiomais.ao\/index.php\/wp-json\/wp\/v2\/posts\/6026\/revisions\/6028"}],"wp:featuredmedia":[{"embeddable":true,"href":"https:\/\/www.radiomais.ao\/index.php\/wp-json\/wp\/v2\/media\/6027"}],"wp:attachment":[{"href":"https:\/\/www.radiomais.ao\/index.php\/wp-json\/wp\/v2\/media?parent=6026"}],"wp:term":[{"taxonomy":"category","embeddable":true,"href":"https:\/\/www.radiomais.ao\/index.php\/wp-json\/wp\/v2\/categories?post=6026"},{"taxonomy":"post_tag","embeddable":true,"href":"https:\/\/www.radiomais.ao\/index.php\/wp-json\/wp\/v2\/tags?post=6026"}],"curies":[{"name":"wp","href":"https:\/\/api.w.org\/{rel}","templated":true}]}}