{"id":6029,"date":"2026-04-29T14:45:15","date_gmt":"2026-04-29T13:45:15","guid":{"rendered":"https:\/\/www.radiomais.ao\/?p=6029"},"modified":"2026-04-29T14:45:15","modified_gmt":"2026-04-29T13:45:15","slug":"desabamento-de-parede-no-dundo-provoca-morte-de-uma-crianca-de-dois-anos","status":"publish","type":"post","link":"https:\/\/www.radiomais.ao\/index.php\/2026\/04\/29\/desabamento-de-parede-no-dundo-provoca-morte-de-uma-crianca-de-dois-anos\/","title":{"rendered":"Desabamento de parede no Dundo provoca morte de uma crian\u00e7a de dois anos."},"content":{"rendered":"\n<p>Uma crian\u00e7a de dois anos de idade perdeu a vida na madrugada desta quarta-feira, 29, em consequ\u00eancia do desabamento de uma parede resultante da forte chuva que caiu naquela localidade.<\/p>\n\n\n\n<p>Segundo o porta-voz do Comando de Protec\u00e7\u00e3o Civil e Bombeiros, subcomiss\u00e1rio Wilson Baptista, o incidente causou ainda ferimentos leves ao outro adolescente de 16 anos, sublinhando serem ambos membros da mesma fam\u00edlia.<\/p>\n\n\n\n<p>O adolescente ferido foi socorrido de imediato e transportada para o Hospital Central do Dundo, onde recebeu assist\u00eancia m\u00e9dica e permanece sob cuidados.<\/p>\n\n\n\n<p>O incidente tamb\u00e9m provocou danos significativos \u00e0 resid\u00eancia, deixando a fam\u00edlia composta por cinco pessoas em situa\u00e7\u00e3o de vulnerabilidade.<\/p>\n","protected":false},"excerpt":{"rendered":"<p>Uma crian\u00e7a de dois anos de idade perdeu a vida na madrugada desta quarta-feira, 29, em consequ\u00eancia do desabamento de uma parede resultante da forte chuva que caiu naquela localidade. Segundo o porta-voz do Comando de Protec\u00e7\u00e3o Civil e Bombeiros, subcomiss\u00e1rio Wilson Baptista, o incidente causou ainda ferimentos leves ao outro adolescente de 16 anos, [&hellip;]<\/p>\n","protected":false},"author":3,"featured_media":6030,"comment_status":"open","ping_status":"open","sticky":false,"template":"","format":"standard","meta":{"footnotes":""},"categories":[16],"tags":[2520],"class_list":["post-6029","post","type-post","status-publish","format-standard","has-post-thumbnail","hentry","category-actualidade","tag-desabamento-de-parede-no-dundo-provoca-morte-de-uma-crianca-de-dois-anos"],"blocksy_meta":[],"_links":{"self":[{"href":"https:\/\/www.radiomais.ao\/index.php\/wp-json\/wp\/v2\/posts\/6029","targetHints":{"allow":["GET"]}}],"collection":[{"href":"https:\/\/www.radiomais.ao\/index.php\/wp-json\/wp\/v2\/posts"}],"about":[{"href":"https:\/\/www.radiomais.ao\/index.php\/wp-json\/wp\/v2\/types\/post"}],"author":[{"embeddable":true,"href":"https:\/\/www.radiomais.ao\/index.php\/wp-json\/wp\/v2\/users\/3"}],"replies":[{"embeddable":true,"href":"https:\/\/www.radiomais.ao\/index.php\/wp-json\/wp\/v2\/comments?post=6029"}],"version-history":[{"count":1,"href":"https:\/\/www.radiomais.ao\/index.php\/wp-json\/wp\/v2\/posts\/6029\/revisions"}],"predecessor-version":[{"id":6031,"href":"https:\/\/www.radiomais.ao\/index.php\/wp-json\/wp\/v2\/posts\/6029\/revisions\/6031"}],"wp:featuredmedia":[{"embeddable":true,"href":"https:\/\/www.radiomais.ao\/index.php\/wp-json\/wp\/v2\/media\/6030"}],"wp:attachment":[{"href":"https:\/\/www.radiomais.ao\/index.php\/wp-json\/wp\/v2\/media?parent=6029"}],"wp:term":[{"taxonomy":"category","embeddable":true,"href":"https:\/\/www.radiomais.ao\/index.php\/wp-json\/wp\/v2\/categories?post=6029"},{"taxonomy":"post_tag","embeddable":true,"href":"https:\/\/www.radiomais.ao\/index.php\/wp-json\/wp\/v2\/tags?post=6029"}],"curies":[{"name":"wp","href":"https:\/\/api.w.org\/{rel}","templated":true}]}}