{"id":6032,"date":"2026-04-29T14:48:55","date_gmt":"2026-04-29T13:48:55","guid":{"rendered":"https:\/\/www.radiomais.ao\/?p=6032"},"modified":"2026-04-29T14:48:55","modified_gmt":"2026-04-29T13:48:55","slug":"luanda-acolhe-amanha-acto-de-dinamizacao-do-jobe-com-distribuicao-de-kits-de-trabalho-e-microcreditos","status":"publish","type":"post","link":"https:\/\/www.radiomais.ao\/index.php\/2026\/04\/29\/luanda-acolhe-amanha-acto-de-dinamizacao-do-jobe-com-distribuicao-de-kits-de-trabalho-e-microcreditos\/","title":{"rendered":"Luanda acolhe amanh\u00e3 acto de dinamiza\u00e7\u00e3o do JOBE com distribui\u00e7\u00e3o de kits de trabalho e microcr\u00e9ditos."},"content":{"rendered":"\n<p>O Minist\u00e9rio da Administra\u00e7\u00e3o P\u00fablica, Trabalho e Seguran\u00e7a Social (MAPTSS), atrav\u00e9s do programa Jovens e Oportunidades de Bons Empregos (JOBE Angola), promove nesta quinta-feira, 30 de Abril, uma mega campanha de distribui\u00e7\u00e3o de kits profissionais e atribui\u00e7\u00e3o de microcr\u00e9ditos a centenas de jovens.<\/p>\n\n\n\n<p>A iniciativa ter\u00e1 lugar \u00e0s 9h00, no Centro de Confer\u00eancias de Belas, em Luanda, e visa refor\u00e7ar as oportunidades de inser\u00e7\u00e3o dos jovens no mercado de trabalho, atrav\u00e9s do apoio \u00e0 forma\u00e7\u00e3o e ao empreendedorismo.<\/p>\n\n\n\n<p>O acto ser\u00e1 presidido pela titular da pasta, Teresa Rodrigues Dias, contando ainda com a presen\u00e7a do governador de Luanda, Lu\u00eds Nunes, e do ministro da Juventude e Desportos, Rui Falc\u00e3o.<\/p>\n\n\n\n<p>A actividade insere-se nas comemora\u00e7\u00f5es alusivas ao Dia da Juventude Angolana, assinalado a 14 de abril, per\u00edodo em que se promovem reflex\u00f5es sobre os desafios e aspira\u00e7\u00f5es da juventude, com enfoque na cria\u00e7\u00e3o de empregos e valoriza\u00e7\u00e3o do potencial jovem.<\/p>\n\n\n\n<p>O programa JOBE Angola \u00e9 coordenado pelo MAPTSS, executado pelo Instituto Nacional de Emprego e Forma\u00e7\u00e3o Profissional (INEFOP) e financiado pelo Fundo Nacional do Emprego (FUNEA).<\/p>\n","protected":false},"excerpt":{"rendered":"<p>O Minist\u00e9rio da Administra\u00e7\u00e3o P\u00fablica, Trabalho e Seguran\u00e7a Social (MAPTSS), atrav\u00e9s do programa Jovens e Oportunidades de Bons Empregos (JOBE Angola), promove nesta quinta-feira, 30 de Abril, uma mega campanha de distribui\u00e7\u00e3o de kits profissionais e atribui\u00e7\u00e3o de microcr\u00e9ditos a centenas de jovens. A iniciativa ter\u00e1 lugar \u00e0s 9h00, no Centro de Confer\u00eancias de Belas, [&hellip;]<\/p>\n","protected":false},"author":3,"featured_media":6033,"comment_status":"open","ping_status":"open","sticky":false,"template":"","format":"standard","meta":{"footnotes":""},"categories":[16],"tags":[2521],"class_list":["post-6032","post","type-post","status-publish","format-standard","has-post-thumbnail","hentry","category-actualidade","tag-luanda-acolhe-amanha-acto-de-dinamizacao-do-jobe-com-distribuicao-de-kits-de-trabalho-e-microcreditos"],"blocksy_meta":[],"_links":{"self":[{"href":"https:\/\/www.radiomais.ao\/index.php\/wp-json\/wp\/v2\/posts\/6032","targetHints":{"allow":["GET"]}}],"collection":[{"href":"https:\/\/www.radiomais.ao\/index.php\/wp-json\/wp\/v2\/posts"}],"about":[{"href":"https:\/\/www.radiomais.ao\/index.php\/wp-json\/wp\/v2\/types\/post"}],"author":[{"embeddable":true,"href":"https:\/\/www.radiomais.ao\/index.php\/wp-json\/wp\/v2\/users\/3"}],"replies":[{"embeddable":true,"href":"https:\/\/www.radiomais.ao\/index.php\/wp-json\/wp\/v2\/comments?post=6032"}],"version-history":[{"count":1,"href":"https:\/\/www.radiomais.ao\/index.php\/wp-json\/wp\/v2\/posts\/6032\/revisions"}],"predecessor-version":[{"id":6034,"href":"https:\/\/www.radiomais.ao\/index.php\/wp-json\/wp\/v2\/posts\/6032\/revisions\/6034"}],"wp:featuredmedia":[{"embeddable":true,"href":"https:\/\/www.radiomais.ao\/index.php\/wp-json\/wp\/v2\/media\/6033"}],"wp:attachment":[{"href":"https:\/\/www.radiomais.ao\/index.php\/wp-json\/wp\/v2\/media?parent=6032"}],"wp:term":[{"taxonomy":"category","embeddable":true,"href":"https:\/\/www.radiomais.ao\/index.php\/wp-json\/wp\/v2\/categories?post=6032"},{"taxonomy":"post_tag","embeddable":true,"href":"https:\/\/www.radiomais.ao\/index.php\/wp-json\/wp\/v2\/tags?post=6032"}],"curies":[{"name":"wp","href":"https:\/\/api.w.org\/{rel}","templated":true}]}}