{"id":6035,"date":"2026-04-29T14:50:58","date_gmt":"2026-04-29T13:50:58","guid":{"rendered":"https:\/\/www.radiomais.ao\/?p=6035"},"modified":"2026-04-29T14:50:58","modified_gmt":"2026-04-29T13:50:58","slug":"projecto-stop-rixa-reforca-combate-a-delinquencia-juvenil-em-luanda","status":"publish","type":"post","link":"https:\/\/www.radiomais.ao\/index.php\/2026\/04\/29\/projecto-stop-rixa-reforca-combate-a-delinquencia-juvenil-em-luanda\/","title":{"rendered":"Projecto \u201cStop Rixa\u201d refor\u00e7a combate \u00e0 delinqu\u00eancia juvenil em Luanda"},"content":{"rendered":"\n<p>O Projecto STOP RIXA, iniciativa voltada para a retirada de jovens do mundo do crime e promo\u00e7\u00e3o da sua reintegra\u00e7\u00e3o social, continua a apresentar resultados positivos e j\u00e1 foi expandido para v\u00e1rios munic\u00edpios da prov\u00edncia de Luanda, segundo o porta-voz da Pol\u00edcia Nacional em Luanda, superintendente-chefe Nestor Goubel.<\/p>\n\n\n\n<p>Lan\u00e7ado h\u00e1 cerca de dois anos no antigo munic\u00edpio de Luanda, actualmente Ingombota, o projecto surgiu sob lideran\u00e7a da administradora Milca Caquesse, em parceria com o Comando Municipal de Luanda.<\/p>\n\n\n\n<p>A zona foi definida como epicentro das ac\u00e7\u00f5es, onde foram desenvolvidas campanhas de sensibiliza\u00e7\u00e3o, acompanhamento social e forma\u00e7\u00e3o profissional.<\/p>\n\n\n\n<p>Entre os resultados alcan\u00e7ados, sobressaem v\u00e1rios casos de reintegra\u00e7\u00e3o social bem-sucedida, com jovens anteriormente associados \u00e0 criminalidade a abra\u00e7arem novas oportunidades de vida e a participarem activamente em ac\u00e7\u00f5es comunit\u00e1rias.<\/p>\n\n\n\n<p>O porta-voz destacou ainda o papel determinante da administra\u00e7\u00e3o municipal, liderada por Milca Caquesse, bem como do antigo comandante municipal de Luanda, L\u00e1zaro Stefan Vaz da Concei\u00e7\u00e3o, no sucesso da implementa\u00e7\u00e3o do projecto.<\/p>\n\n\n\n<p>Face ao impacto positivo, o STOP RIXA foi posteriormente alargado a alguns munic\u00edpios como Cacuaco,Viana, Rangel e Sambizanga, consolidando-se como uma importante estrat\u00e9gia de preven\u00e7\u00e3o da delinqu\u00eancia juvenil e promo\u00e7\u00e3o da cidadania na prov\u00edncia.<\/p>\n","protected":false},"excerpt":{"rendered":"<p>O Projecto STOP RIXA, iniciativa voltada para a retirada de jovens do mundo do crime e promo\u00e7\u00e3o da sua reintegra\u00e7\u00e3o social, continua a apresentar resultados positivos e j\u00e1 foi expandido para v\u00e1rios munic\u00edpios da prov\u00edncia de Luanda, segundo o porta-voz da Pol\u00edcia Nacional em Luanda, superintendente-chefe Nestor Goubel. Lan\u00e7ado h\u00e1 cerca de dois anos no [&hellip;]<\/p>\n","protected":false},"author":3,"featured_media":6036,"comment_status":"open","ping_status":"open","sticky":false,"template":"","format":"standard","meta":{"footnotes":""},"categories":[16],"tags":[2522],"class_list":["post-6035","post","type-post","status-publish","format-standard","has-post-thumbnail","hentry","category-actualidade","tag-projecto-stop-rixa-reforca-combate-a-delinquencia-juvenil-em-luanda"],"blocksy_meta":[],"_links":{"self":[{"href":"https:\/\/www.radiomais.ao\/index.php\/wp-json\/wp\/v2\/posts\/6035","targetHints":{"allow":["GET"]}}],"collection":[{"href":"https:\/\/www.radiomais.ao\/index.php\/wp-json\/wp\/v2\/posts"}],"about":[{"href":"https:\/\/www.radiomais.ao\/index.php\/wp-json\/wp\/v2\/types\/post"}],"author":[{"embeddable":true,"href":"https:\/\/www.radiomais.ao\/index.php\/wp-json\/wp\/v2\/users\/3"}],"replies":[{"embeddable":true,"href":"https:\/\/www.radiomais.ao\/index.php\/wp-json\/wp\/v2\/comments?post=6035"}],"version-history":[{"count":1,"href":"https:\/\/www.radiomais.ao\/index.php\/wp-json\/wp\/v2\/posts\/6035\/revisions"}],"predecessor-version":[{"id":6037,"href":"https:\/\/www.radiomais.ao\/index.php\/wp-json\/wp\/v2\/posts\/6035\/revisions\/6037"}],"wp:featuredmedia":[{"embeddable":true,"href":"https:\/\/www.radiomais.ao\/index.php\/wp-json\/wp\/v2\/media\/6036"}],"wp:attachment":[{"href":"https:\/\/www.radiomais.ao\/index.php\/wp-json\/wp\/v2\/media?parent=6035"}],"wp:term":[{"taxonomy":"category","embeddable":true,"href":"https:\/\/www.radiomais.ao\/index.php\/wp-json\/wp\/v2\/categories?post=6035"},{"taxonomy":"post_tag","embeddable":true,"href":"https:\/\/www.radiomais.ao\/index.php\/wp-json\/wp\/v2\/tags?post=6035"}],"curies":[{"name":"wp","href":"https:\/\/api.w.org\/{rel}","templated":true}]}}