{"id":615,"date":"2025-06-25T10:34:15","date_gmt":"2025-06-25T09:34:15","guid":{"rendered":"https:\/\/www.radiomais.ao\/?p=615"},"modified":"2025-06-25T10:34:15","modified_gmt":"2025-06-25T09:34:15","slug":"oficial-da-policia-mata-o-primo-depois-de-ser-atingido-com-uma-pedra-durante-rixa","status":"publish","type":"post","link":"https:\/\/www.radiomais.ao\/index.php\/2025\/06\/25\/oficial-da-policia-mata-o-primo-depois-de-ser-atingido-com-uma-pedra-durante-rixa\/","title":{"rendered":"Oficial da pol\u00edcia mata o primo depois de ser atingido com uma pedra durante rixa."},"content":{"rendered":"\n<p>Um cidad\u00e3o nacional, de 59 anos de idade, Subinspector da Pol\u00edcia Nacional no Lubango, foi detido na noite desta segunda-feira, 23, ap\u00f3s ter supostamente atingido mortalmente, a tiro, o seu primo de 34 anos de idade, na sequ\u00eancia de uma rixa que decorria em frente \u00e0 casa do oficial, no bairro Joaquim Kapango, arredores do Lubango, prov\u00edncia da Hu\u00edla. Fonte <a href=\"https:\/\/www.opais.ao\/sociedade\/oficial-da-policia-mata-o-primo-depois-de-ser-atingido-com-uma-pedra-durante-rixa\/\">Opa\u00eds<\/a><\/p>\n","protected":false},"excerpt":{"rendered":"<p>Um cidad\u00e3o nacional, de 59 anos de idade, Subinspector da Pol\u00edcia Nacional no Lubango, foi detido na noite desta segunda-feira, 23, ap\u00f3s ter supostamente atingido mortalmente, a tiro, o seu primo de 34 anos de idade, na sequ\u00eancia de uma rixa que decorria em frente \u00e0 casa do oficial, no bairro Joaquim Kapango, arredores do [&hellip;]<\/p>\n","protected":false},"author":3,"featured_media":616,"comment_status":"open","ping_status":"open","sticky":false,"template":"","format":"standard","meta":{"footnotes":""},"categories":[16],"tags":[42],"class_list":["post-615","post","type-post","status-publish","format-standard","has-post-thumbnail","hentry","category-actualidade","tag-oficial-da-policia-mata-o-primo"],"blocksy_meta":[],"_links":{"self":[{"href":"https:\/\/www.radiomais.ao\/index.php\/wp-json\/wp\/v2\/posts\/615","targetHints":{"allow":["GET"]}}],"collection":[{"href":"https:\/\/www.radiomais.ao\/index.php\/wp-json\/wp\/v2\/posts"}],"about":[{"href":"https:\/\/www.radiomais.ao\/index.php\/wp-json\/wp\/v2\/types\/post"}],"author":[{"embeddable":true,"href":"https:\/\/www.radiomais.ao\/index.php\/wp-json\/wp\/v2\/users\/3"}],"replies":[{"embeddable":true,"href":"https:\/\/www.radiomais.ao\/index.php\/wp-json\/wp\/v2\/comments?post=615"}],"version-history":[{"count":1,"href":"https:\/\/www.radiomais.ao\/index.php\/wp-json\/wp\/v2\/posts\/615\/revisions"}],"predecessor-version":[{"id":617,"href":"https:\/\/www.radiomais.ao\/index.php\/wp-json\/wp\/v2\/posts\/615\/revisions\/617"}],"wp:featuredmedia":[{"embeddable":true,"href":"https:\/\/www.radiomais.ao\/index.php\/wp-json\/wp\/v2\/media\/616"}],"wp:attachment":[{"href":"https:\/\/www.radiomais.ao\/index.php\/wp-json\/wp\/v2\/media?parent=615"}],"wp:term":[{"taxonomy":"category","embeddable":true,"href":"https:\/\/www.radiomais.ao\/index.php\/wp-json\/wp\/v2\/categories?post=615"},{"taxonomy":"post_tag","embeddable":true,"href":"https:\/\/www.radiomais.ao\/index.php\/wp-json\/wp\/v2\/tags?post=615"}],"curies":[{"name":"wp","href":"https:\/\/api.w.org\/{rel}","templated":true}]}}