{"id":618,"date":"2025-06-25T10:41:20","date_gmt":"2025-06-25T09:41:20","guid":{"rendered":"https:\/\/www.radiomais.ao\/?p=618"},"modified":"2025-06-25T10:41:20","modified_gmt":"2025-06-25T09:41:20","slug":"adolescentes-em-malanje-morrem-por-inalacao-de-monoxido-de-carbono","status":"publish","type":"post","link":"https:\/\/www.radiomais.ao\/index.php\/2025\/06\/25\/adolescentes-em-malanje-morrem-por-inalacao-de-monoxido-de-carbono\/","title":{"rendered":"Adolescentes em Malanje morrem por inala\u00e7\u00e3o de mon\u00f3xido de carbono."},"content":{"rendered":"\n<p>As v\u00edtimas, de 9 e 17 anos foram encontradas no quarto sem vida na resid\u00eancia onde viviam com os pais onde, durante a noite, preparavam alimentos num fogareiro a carv\u00e3o, sem ventila\u00e7\u00e3o adequada. Fonte <strong><em><a href=\"https:\/\/www.opais.ao\/sociedade\/adolescentes-em-malanje-morrem-por-inalacao-de-monoxido-de-carbono\/\">Opa\u00eds<\/a><\/em><\/strong><\/p>\n","protected":false},"excerpt":{"rendered":"<p>As v\u00edtimas, de 9 e 17 anos foram encontradas no quarto sem vida na resid\u00eancia onde viviam com os pais onde, durante a noite, preparavam alimentos num fogareiro a carv\u00e3o, sem ventila\u00e7\u00e3o adequada. Fonte Opa\u00eds<\/p>\n","protected":false},"author":3,"featured_media":619,"comment_status":"open","ping_status":"open","sticky":false,"template":"","format":"standard","meta":{"footnotes":""},"categories":[16],"tags":[43],"class_list":["post-618","post","type-post","status-publish","format-standard","has-post-thumbnail","hentry","category-actualidade","tag-adolescentes-em-malanje-morrem-por-inalacao-de-monoxido-de-carbono"],"blocksy_meta":[],"_links":{"self":[{"href":"https:\/\/www.radiomais.ao\/index.php\/wp-json\/wp\/v2\/posts\/618","targetHints":{"allow":["GET"]}}],"collection":[{"href":"https:\/\/www.radiomais.ao\/index.php\/wp-json\/wp\/v2\/posts"}],"about":[{"href":"https:\/\/www.radiomais.ao\/index.php\/wp-json\/wp\/v2\/types\/post"}],"author":[{"embeddable":true,"href":"https:\/\/www.radiomais.ao\/index.php\/wp-json\/wp\/v2\/users\/3"}],"replies":[{"embeddable":true,"href":"https:\/\/www.radiomais.ao\/index.php\/wp-json\/wp\/v2\/comments?post=618"}],"version-history":[{"count":1,"href":"https:\/\/www.radiomais.ao\/index.php\/wp-json\/wp\/v2\/posts\/618\/revisions"}],"predecessor-version":[{"id":620,"href":"https:\/\/www.radiomais.ao\/index.php\/wp-json\/wp\/v2\/posts\/618\/revisions\/620"}],"wp:featuredmedia":[{"embeddable":true,"href":"https:\/\/www.radiomais.ao\/index.php\/wp-json\/wp\/v2\/media\/619"}],"wp:attachment":[{"href":"https:\/\/www.radiomais.ao\/index.php\/wp-json\/wp\/v2\/media?parent=618"}],"wp:term":[{"taxonomy":"category","embeddable":true,"href":"https:\/\/www.radiomais.ao\/index.php\/wp-json\/wp\/v2\/categories?post=618"},{"taxonomy":"post_tag","embeddable":true,"href":"https:\/\/www.radiomais.ao\/index.php\/wp-json\/wp\/v2\/tags?post=618"}],"curies":[{"name":"wp","href":"https:\/\/api.w.org\/{rel}","templated":true}]}}