{"id":621,"date":"2025-06-25T10:45:00","date_gmt":"2025-06-25T09:45:00","guid":{"rendered":"https:\/\/www.radiomais.ao\/?p=621"},"modified":"2025-06-25T10:45:00","modified_gmt":"2025-06-25T09:45:00","slug":"inac-regista-em-media-150-denuncias-por-dia","status":"publish","type":"post","link":"https:\/\/www.radiomais.ao\/index.php\/2025\/06\/25\/inac-regista-em-media-150-denuncias-por-dia\/","title":{"rendered":"INAC regista em m\u00e9dia 150 den\u00fancias por dia."},"content":{"rendered":"\n<p>O Instituto Nacional da Crian\u00e7a (INAC) regista, em m\u00e9dia, 140 a 150 den\u00fancias de crimes contra a crian\u00e7a por dia, sendo os mais predominantes a fuga \u00e0 paternidade, agress\u00e3o f\u00edsica e abuso sexual, segundo o director da institui\u00e7\u00e3o, Paulo Kalessi, ontem, \u00e0 margem da visita da representante especial do secretariado-geral das Na\u00e7\u00f5es Unidas para o combate \u00e0 viol\u00eancia contra a crian\u00e7a, Najat\u00b4Maalla M\u00b4jid, no INAC. Fonte <strong><em><a href=\"https:\/\/www.opais.ao\/sociedade\/inac-regista-em-media-150-denuncias-por-dia\/\">Opa\u00eds<\/a><\/em><\/strong><\/p>\n\n\n\n<p><\/p>\n","protected":false},"excerpt":{"rendered":"<p>O Instituto Nacional da Crian\u00e7a (INAC) regista, em m\u00e9dia, 140 a 150 den\u00fancias de crimes contra a crian\u00e7a por dia, sendo os mais predominantes a fuga \u00e0 paternidade, agress\u00e3o f\u00edsica e abuso sexual, segundo o director da institui\u00e7\u00e3o, Paulo Kalessi, ontem, \u00e0 margem da visita da representante especial do secretariado-geral das Na\u00e7\u00f5es Unidas para o [&hellip;]<\/p>\n","protected":false},"author":3,"featured_media":622,"comment_status":"open","ping_status":"open","sticky":false,"template":"","format":"standard","meta":{"footnotes":""},"categories":[16],"tags":[44],"class_list":["post-621","post","type-post","status-publish","format-standard","has-post-thumbnail","hentry","category-actualidade","tag-inac-regista-em-media-150-denuncias-por-dia"],"blocksy_meta":[],"_links":{"self":[{"href":"https:\/\/www.radiomais.ao\/index.php\/wp-json\/wp\/v2\/posts\/621","targetHints":{"allow":["GET"]}}],"collection":[{"href":"https:\/\/www.radiomais.ao\/index.php\/wp-json\/wp\/v2\/posts"}],"about":[{"href":"https:\/\/www.radiomais.ao\/index.php\/wp-json\/wp\/v2\/types\/post"}],"author":[{"embeddable":true,"href":"https:\/\/www.radiomais.ao\/index.php\/wp-json\/wp\/v2\/users\/3"}],"replies":[{"embeddable":true,"href":"https:\/\/www.radiomais.ao\/index.php\/wp-json\/wp\/v2\/comments?post=621"}],"version-history":[{"count":1,"href":"https:\/\/www.radiomais.ao\/index.php\/wp-json\/wp\/v2\/posts\/621\/revisions"}],"predecessor-version":[{"id":623,"href":"https:\/\/www.radiomais.ao\/index.php\/wp-json\/wp\/v2\/posts\/621\/revisions\/623"}],"wp:featuredmedia":[{"embeddable":true,"href":"https:\/\/www.radiomais.ao\/index.php\/wp-json\/wp\/v2\/media\/622"}],"wp:attachment":[{"href":"https:\/\/www.radiomais.ao\/index.php\/wp-json\/wp\/v2\/media?parent=621"}],"wp:term":[{"taxonomy":"category","embeddable":true,"href":"https:\/\/www.radiomais.ao\/index.php\/wp-json\/wp\/v2\/categories?post=621"},{"taxonomy":"post_tag","embeddable":true,"href":"https:\/\/www.radiomais.ao\/index.php\/wp-json\/wp\/v2\/tags?post=621"}],"curies":[{"name":"wp","href":"https:\/\/api.w.org\/{rel}","templated":true}]}}