{"id":624,"date":"2025-06-25T10:49:05","date_gmt":"2025-06-25T09:49:05","guid":{"rendered":"https:\/\/www.radiomais.ao\/?p=624"},"modified":"2025-06-25T10:49:05","modified_gmt":"2025-06-25T09:49:05","slug":"provedoria-de-justica-advoga-insercao-de-psicologos-nas-instituicoes","status":"publish","type":"post","link":"https:\/\/www.radiomais.ao\/index.php\/2025\/06\/25\/provedoria-de-justica-advoga-insercao-de-psicologos-nas-instituicoes\/","title":{"rendered":"Provedoria de Justi\u00e7a advoga inser\u00e7\u00e3o de psic\u00f3logos nas institui\u00e7\u00f5es."},"content":{"rendered":"\n<p>Com vista \u00e0 detectar alguns funcion\u00e1rios que estejam a passar por poss\u00edveis doen\u00e7as ligadas ao aparelho neurol\u00f3gico, como traumas, e antecipar o tratamento por formas a melhorar o seu desempenho no trabalho, a Provedora de Justi\u00e7a, Florbela Ara\u00fajo, defendeu, esta segunda-feira, a necessidade de serem introduzidos os especialistas no estudo do comportamento humano e os seus processos mentais, em diferentes institui\u00e7\u00f5es p\u00fablicas e privadas. Fonte <strong><em><a href=\"https:\/\/www.opais.ao\/politica\/provedoria-de-justica-advoga-insercao-de-psicologos-nas-instituicoes\/\">Opa\u00eds<\/a><\/em><\/strong><\/p>\n","protected":false},"excerpt":{"rendered":"<p>Com vista \u00e0 detectar alguns funcion\u00e1rios que estejam a passar por poss\u00edveis doen\u00e7as ligadas ao aparelho neurol\u00f3gico, como traumas, e antecipar o tratamento por formas a melhorar o seu desempenho no trabalho, a Provedora de Justi\u00e7a, Florbela Ara\u00fajo, defendeu, esta segunda-feira, a necessidade de serem introduzidos os especialistas no estudo do comportamento humano e os [&hellip;]<\/p>\n","protected":false},"author":3,"featured_media":625,"comment_status":"open","ping_status":"open","sticky":false,"template":"","format":"standard","meta":{"footnotes":""},"categories":[16],"tags":[45],"class_list":["post-624","post","type-post","status-publish","format-standard","has-post-thumbnail","hentry","category-actualidade","tag-provedoria-de-justica-advoga-insercao-de-psicologos-nas-instituicoes"],"blocksy_meta":[],"_links":{"self":[{"href":"https:\/\/www.radiomais.ao\/index.php\/wp-json\/wp\/v2\/posts\/624","targetHints":{"allow":["GET"]}}],"collection":[{"href":"https:\/\/www.radiomais.ao\/index.php\/wp-json\/wp\/v2\/posts"}],"about":[{"href":"https:\/\/www.radiomais.ao\/index.php\/wp-json\/wp\/v2\/types\/post"}],"author":[{"embeddable":true,"href":"https:\/\/www.radiomais.ao\/index.php\/wp-json\/wp\/v2\/users\/3"}],"replies":[{"embeddable":true,"href":"https:\/\/www.radiomais.ao\/index.php\/wp-json\/wp\/v2\/comments?post=624"}],"version-history":[{"count":1,"href":"https:\/\/www.radiomais.ao\/index.php\/wp-json\/wp\/v2\/posts\/624\/revisions"}],"predecessor-version":[{"id":626,"href":"https:\/\/www.radiomais.ao\/index.php\/wp-json\/wp\/v2\/posts\/624\/revisions\/626"}],"wp:featuredmedia":[{"embeddable":true,"href":"https:\/\/www.radiomais.ao\/index.php\/wp-json\/wp\/v2\/media\/625"}],"wp:attachment":[{"href":"https:\/\/www.radiomais.ao\/index.php\/wp-json\/wp\/v2\/media?parent=624"}],"wp:term":[{"taxonomy":"category","embeddable":true,"href":"https:\/\/www.radiomais.ao\/index.php\/wp-json\/wp\/v2\/categories?post=624"},{"taxonomy":"post_tag","embeddable":true,"href":"https:\/\/www.radiomais.ao\/index.php\/wp-json\/wp\/v2\/tags?post=624"}],"curies":[{"name":"wp","href":"https:\/\/api.w.org\/{rel}","templated":true}]}}