{"id":627,"date":"2025-06-25T10:52:04","date_gmt":"2025-06-25T09:52:04","guid":{"rendered":"https:\/\/www.radiomais.ao\/?p=627"},"modified":"2025-06-25T10:52:04","modified_gmt":"2025-06-25T09:52:04","slug":"presidente-da-republica-partiu-para-bruxelas","status":"publish","type":"post","link":"https:\/\/www.radiomais.ao\/index.php\/2025\/06\/25\/presidente-da-republica-partiu-para-bruxelas\/","title":{"rendered":"Presidente da Rep\u00fablica partiu para Bruxelas."},"content":{"rendered":"\n<p>O Presidente da Rep\u00fablica e em exerc\u00edcio da Uni\u00e3o Africana, Jo\u00e3o Louren\u00e7o, deixou a capital do pa\u00eds na noite desta ter\u00e7a-feira com destino \u00e0 cidade de Bruxelas, B\u00e9lgica, onde participa, nesta quarta-feira, 25, de uma reuni\u00e3o de alto n\u00edvel da Alian\u00e7a Global de Vacinas (GAVI). Fonte <strong><em><a href=\"https:\/\/www.opais.ao\/politica\/presidente-da-republica-partiu-para-bruxelas\/\">Opa\u00eds<\/a><\/em><\/strong><\/p>\n","protected":false},"excerpt":{"rendered":"<p>O Presidente da Rep\u00fablica e em exerc\u00edcio da Uni\u00e3o Africana, Jo\u00e3o Louren\u00e7o, deixou a capital do pa\u00eds na noite desta ter\u00e7a-feira com destino \u00e0 cidade de Bruxelas, B\u00e9lgica, onde participa, nesta quarta-feira, 25, de uma reuni\u00e3o de alto n\u00edvel da Alian\u00e7a Global de Vacinas (GAVI). Fonte Opa\u00eds<\/p>\n","protected":false},"author":3,"featured_media":628,"comment_status":"open","ping_status":"open","sticky":false,"template":"","format":"standard","meta":{"footnotes":""},"categories":[16],"tags":[46],"class_list":["post-627","post","type-post","status-publish","format-standard","has-post-thumbnail","hentry","category-actualidade","tag-presidente-da-republica-partiu-para-bruxelas"],"blocksy_meta":[],"_links":{"self":[{"href":"https:\/\/www.radiomais.ao\/index.php\/wp-json\/wp\/v2\/posts\/627","targetHints":{"allow":["GET"]}}],"collection":[{"href":"https:\/\/www.radiomais.ao\/index.php\/wp-json\/wp\/v2\/posts"}],"about":[{"href":"https:\/\/www.radiomais.ao\/index.php\/wp-json\/wp\/v2\/types\/post"}],"author":[{"embeddable":true,"href":"https:\/\/www.radiomais.ao\/index.php\/wp-json\/wp\/v2\/users\/3"}],"replies":[{"embeddable":true,"href":"https:\/\/www.radiomais.ao\/index.php\/wp-json\/wp\/v2\/comments?post=627"}],"version-history":[{"count":1,"href":"https:\/\/www.radiomais.ao\/index.php\/wp-json\/wp\/v2\/posts\/627\/revisions"}],"predecessor-version":[{"id":629,"href":"https:\/\/www.radiomais.ao\/index.php\/wp-json\/wp\/v2\/posts\/627\/revisions\/629"}],"wp:featuredmedia":[{"embeddable":true,"href":"https:\/\/www.radiomais.ao\/index.php\/wp-json\/wp\/v2\/media\/628"}],"wp:attachment":[{"href":"https:\/\/www.radiomais.ao\/index.php\/wp-json\/wp\/v2\/media?parent=627"}],"wp:term":[{"taxonomy":"category","embeddable":true,"href":"https:\/\/www.radiomais.ao\/index.php\/wp-json\/wp\/v2\/categories?post=627"},{"taxonomy":"post_tag","embeddable":true,"href":"https:\/\/www.radiomais.ao\/index.php\/wp-json\/wp\/v2\/tags?post=627"}],"curies":[{"name":"wp","href":"https:\/\/api.w.org\/{rel}","templated":true}]}}