{"id":630,"date":"2025-06-25T10:55:41","date_gmt":"2025-06-25T09:55:41","guid":{"rendered":"https:\/\/www.radiomais.ao\/?p=630"},"modified":"2025-06-25T10:55:41","modified_gmt":"2025-06-25T09:55:41","slug":"tete-antonio-em-bruxelas-para-integrar-comitiva-do-chefe-de-estado-na-reuniao-de-alto-nivel","status":"publish","type":"post","link":"https:\/\/www.radiomais.ao\/index.php\/2025\/06\/25\/tete-antonio-em-bruxelas-para-integrar-comitiva-do-chefe-de-estado-na-reuniao-de-alto-nivel\/","title":{"rendered":"T\u00e9te Ant\u00f3nio em Bruxelas para integrar comitiva do Chefe de Estado na Reuni\u00e3o de Alto N\u00edvel."},"content":{"rendered":"\n<p>O ministro das Rela\u00e7\u00f5es Exteriores, T\u00e9te Ant\u00f3nio, chegou na manh\u00e3 desta quarta-feira, 25, a Bruxelas, B\u00e9lgica, para integrar a delega\u00e7\u00e3o do Presidente da Rep\u00fablica e da Uni\u00e3o Africana, que participar\u00e1, na tarde de hoje, na Reuni\u00e3o de Alto N\u00edvel sobre o Futuro da Alian\u00e7a Global de Vacinas (GAVI). Fonte <strong><em><a href=\"https:\/\/www.opais.ao\/politica\/tete-antonio-em-bruxelas-para-integrar-comitiva-do-chefe-de-estado-na-reuniao-de-alto-nivel\/\">Opa\u00eds<\/a><\/em><\/strong><\/p>\n","protected":false},"excerpt":{"rendered":"<p>O ministro das Rela\u00e7\u00f5es Exteriores, T\u00e9te Ant\u00f3nio, chegou na manh\u00e3 desta quarta-feira, 25, a Bruxelas, B\u00e9lgica, para integrar a delega\u00e7\u00e3o do Presidente da Rep\u00fablica e da Uni\u00e3o Africana, que participar\u00e1, na tarde de hoje, na Reuni\u00e3o de Alto N\u00edvel sobre o Futuro da Alian\u00e7a Global de Vacinas (GAVI). Fonte Opa\u00eds<\/p>\n","protected":false},"author":3,"featured_media":631,"comment_status":"open","ping_status":"open","sticky":false,"template":"","format":"standard","meta":{"footnotes":""},"categories":[16],"tags":[47],"class_list":["post-630","post","type-post","status-publish","format-standard","has-post-thumbnail","hentry","category-actualidade","tag-tete-antonio-em-bruxelas-para-integrar-comitiva-do-chefe-de-estado-na-reuniao-de-alto-nivel"],"blocksy_meta":[],"_links":{"self":[{"href":"https:\/\/www.radiomais.ao\/index.php\/wp-json\/wp\/v2\/posts\/630","targetHints":{"allow":["GET"]}}],"collection":[{"href":"https:\/\/www.radiomais.ao\/index.php\/wp-json\/wp\/v2\/posts"}],"about":[{"href":"https:\/\/www.radiomais.ao\/index.php\/wp-json\/wp\/v2\/types\/post"}],"author":[{"embeddable":true,"href":"https:\/\/www.radiomais.ao\/index.php\/wp-json\/wp\/v2\/users\/3"}],"replies":[{"embeddable":true,"href":"https:\/\/www.radiomais.ao\/index.php\/wp-json\/wp\/v2\/comments?post=630"}],"version-history":[{"count":1,"href":"https:\/\/www.radiomais.ao\/index.php\/wp-json\/wp\/v2\/posts\/630\/revisions"}],"predecessor-version":[{"id":632,"href":"https:\/\/www.radiomais.ao\/index.php\/wp-json\/wp\/v2\/posts\/630\/revisions\/632"}],"wp:featuredmedia":[{"embeddable":true,"href":"https:\/\/www.radiomais.ao\/index.php\/wp-json\/wp\/v2\/media\/631"}],"wp:attachment":[{"href":"https:\/\/www.radiomais.ao\/index.php\/wp-json\/wp\/v2\/media?parent=630"}],"wp:term":[{"taxonomy":"category","embeddable":true,"href":"https:\/\/www.radiomais.ao\/index.php\/wp-json\/wp\/v2\/categories?post=630"},{"taxonomy":"post_tag","embeddable":true,"href":"https:\/\/www.radiomais.ao\/index.php\/wp-json\/wp\/v2\/tags?post=630"}],"curies":[{"name":"wp","href":"https:\/\/api.w.org\/{rel}","templated":true}]}}