{"id":874,"date":"2025-06-27T10:46:08","date_gmt":"2025-06-27T09:46:08","guid":{"rendered":"https:\/\/www.radiomais.ao\/?p=874"},"modified":"2025-06-27T10:46:08","modified_gmt":"2025-06-27T09:46:08","slug":"joao-lourenco-defende-reforma-do-conselho-de-seguranca-da-onu-na-mensagem-pelo-80-o-aniversario-da-carta-das-nacoes-unidas","status":"publish","type":"post","link":"https:\/\/www.radiomais.ao\/index.php\/2025\/06\/27\/joao-lourenco-defende-reforma-do-conselho-de-seguranca-da-onu-na-mensagem-pelo-80-o-aniversario-da-carta-das-nacoes-unidas\/","title":{"rendered":"Jo\u00e3o Louren\u00e7o defende reforma do Conselho de Seguran\u00e7a da ONU na mensagem pelo 80.\u00ba anivers\u00e1rio da Carta das Na\u00e7\u00f5es Unidas."},"content":{"rendered":"\n<p>O Presidente da Rep\u00fablica, Jo\u00e3o Louren\u00e7o, apelou ontem \u00e0 reforma urgente do Conselho de Seguran\u00e7a das Na\u00e7\u00f5es Unidas, por considerar que o \u00f3rg\u00e3o j\u00e1 n\u00e3o reflecte a actual configura\u00e7\u00e3o do mundo. A declara\u00e7\u00e3o foi feita numa mensagem por ocasi\u00e3o do 80.\u00ba anivers\u00e1rio da assinatura da Carta das Na\u00e7\u00f5es Unidas, celebrada a 26 de Junho. Fonte <strong><em><a href=\"https:\/\/www.opais.ao\/politica\/joao-lourenco-defende-reforma-do-conselho-de-seguranca-da-onu-na-mensagem-pelo-80-o-aniversario-da-carta-das-nacoes-unidas\/\">Opa\u00eds<\/a><\/em><\/strong><\/p>\n\n\n\n<p><\/p>\n","protected":false},"excerpt":{"rendered":"<p>O Presidente da Rep\u00fablica, Jo\u00e3o Louren\u00e7o, apelou ontem \u00e0 reforma urgente do Conselho de Seguran\u00e7a das Na\u00e7\u00f5es Unidas, por considerar que o \u00f3rg\u00e3o j\u00e1 n\u00e3o reflecte a actual configura\u00e7\u00e3o do mundo. A declara\u00e7\u00e3o foi feita numa mensagem por ocasi\u00e3o do 80.\u00ba anivers\u00e1rio da assinatura da Carta das Na\u00e7\u00f5es Unidas, celebrada a 26 de Junho. Fonte [&hellip;]<\/p>\n","protected":false},"author":3,"featured_media":875,"comment_status":"open","ping_status":"open","sticky":false,"template":"","format":"standard","meta":{"footnotes":""},"categories":[16],"tags":[51],"class_list":["post-874","post","type-post","status-publish","format-standard","has-post-thumbnail","hentry","category-actualidade","tag-joao-lourenco-defende-reforma-do-conselho-de-seguranca-da-onu"],"blocksy_meta":[],"_links":{"self":[{"href":"https:\/\/www.radiomais.ao\/index.php\/wp-json\/wp\/v2\/posts\/874","targetHints":{"allow":["GET"]}}],"collection":[{"href":"https:\/\/www.radiomais.ao\/index.php\/wp-json\/wp\/v2\/posts"}],"about":[{"href":"https:\/\/www.radiomais.ao\/index.php\/wp-json\/wp\/v2\/types\/post"}],"author":[{"embeddable":true,"href":"https:\/\/www.radiomais.ao\/index.php\/wp-json\/wp\/v2\/users\/3"}],"replies":[{"embeddable":true,"href":"https:\/\/www.radiomais.ao\/index.php\/wp-json\/wp\/v2\/comments?post=874"}],"version-history":[{"count":1,"href":"https:\/\/www.radiomais.ao\/index.php\/wp-json\/wp\/v2\/posts\/874\/revisions"}],"predecessor-version":[{"id":876,"href":"https:\/\/www.radiomais.ao\/index.php\/wp-json\/wp\/v2\/posts\/874\/revisions\/876"}],"wp:featuredmedia":[{"embeddable":true,"href":"https:\/\/www.radiomais.ao\/index.php\/wp-json\/wp\/v2\/media\/875"}],"wp:attachment":[{"href":"https:\/\/www.radiomais.ao\/index.php\/wp-json\/wp\/v2\/media?parent=874"}],"wp:term":[{"taxonomy":"category","embeddable":true,"href":"https:\/\/www.radiomais.ao\/index.php\/wp-json\/wp\/v2\/categories?post=874"},{"taxonomy":"post_tag","embeddable":true,"href":"https:\/\/www.radiomais.ao\/index.php\/wp-json\/wp\/v2\/tags?post=874"}],"curies":[{"name":"wp","href":"https:\/\/api.w.org\/{rel}","templated":true}]}}