{"id":877,"date":"2025-06-27T10:57:11","date_gmt":"2025-06-27T09:57:11","guid":{"rendered":"https:\/\/www.radiomais.ao\/?p=877"},"modified":"2025-06-27T10:57:11","modified_gmt":"2025-06-27T09:57:11","slug":"peritos-da-sadc-em-combate-ao-branqueamento-de-capitais","status":"publish","type":"post","link":"https:\/\/www.radiomais.ao\/index.php\/2025\/06\/27\/peritos-da-sadc-em-combate-ao-branqueamento-de-capitais\/","title":{"rendered":"Peritos da SADC em combate ao branqueamento de capitais."},"content":{"rendered":"\n<p>A Unidade Informa\u00e7\u00e3o Financeira (UIF), em nome do Executivo angolano, acolhe o encontro de combate ao branqueamento de capitais e ao terrorismo da Comunidade de Desenvolvimento da \u00c1frica Austral (SADC), com vontade de brilhar mais noutras institui\u00e7\u00f5es para l\u00e1 do continente ber\u00e7o. Fonte <strong><em><a href=\"https:\/\/www.opais.ao\/politica\/peritos-da-sadc-em-combate-ao-branqueamento-de-capitais-defendem-mobilizacao-de-recursos-para-execucao-de-planos-concretos\/\">Opa\u00eds<\/a><\/em><\/strong><\/p>\n","protected":false},"excerpt":{"rendered":"<p>A Unidade Informa\u00e7\u00e3o Financeira (UIF), em nome do Executivo angolano, acolhe o encontro de combate ao branqueamento de capitais e ao terrorismo da Comunidade de Desenvolvimento da \u00c1frica Austral (SADC), com vontade de brilhar mais noutras institui\u00e7\u00f5es para l\u00e1 do continente ber\u00e7o. Fonte Opa\u00eds<\/p>\n","protected":false},"author":3,"featured_media":878,"comment_status":"open","ping_status":"open","sticky":false,"template":"","format":"standard","meta":{"footnotes":""},"categories":[16],"tags":[52],"class_list":["post-877","post","type-post","status-publish","format-standard","has-post-thumbnail","hentry","category-actualidade","tag-peritos-da-sadc-em-combate-ao-branqueamento-de-capitais"],"blocksy_meta":[],"_links":{"self":[{"href":"https:\/\/www.radiomais.ao\/index.php\/wp-json\/wp\/v2\/posts\/877","targetHints":{"allow":["GET"]}}],"collection":[{"href":"https:\/\/www.radiomais.ao\/index.php\/wp-json\/wp\/v2\/posts"}],"about":[{"href":"https:\/\/www.radiomais.ao\/index.php\/wp-json\/wp\/v2\/types\/post"}],"author":[{"embeddable":true,"href":"https:\/\/www.radiomais.ao\/index.php\/wp-json\/wp\/v2\/users\/3"}],"replies":[{"embeddable":true,"href":"https:\/\/www.radiomais.ao\/index.php\/wp-json\/wp\/v2\/comments?post=877"}],"version-history":[{"count":1,"href":"https:\/\/www.radiomais.ao\/index.php\/wp-json\/wp\/v2\/posts\/877\/revisions"}],"predecessor-version":[{"id":879,"href":"https:\/\/www.radiomais.ao\/index.php\/wp-json\/wp\/v2\/posts\/877\/revisions\/879"}],"wp:featuredmedia":[{"embeddable":true,"href":"https:\/\/www.radiomais.ao\/index.php\/wp-json\/wp\/v2\/media\/878"}],"wp:attachment":[{"href":"https:\/\/www.radiomais.ao\/index.php\/wp-json\/wp\/v2\/media?parent=877"}],"wp:term":[{"taxonomy":"category","embeddable":true,"href":"https:\/\/www.radiomais.ao\/index.php\/wp-json\/wp\/v2\/categories?post=877"},{"taxonomy":"post_tag","embeddable":true,"href":"https:\/\/www.radiomais.ao\/index.php\/wp-json\/wp\/v2\/tags?post=877"}],"curies":[{"name":"wp","href":"https:\/\/api.w.org\/{rel}","templated":true}]}}