{"id":880,"date":"2025-06-27T11:02:07","date_gmt":"2025-06-27T10:02:07","guid":{"rendered":"https:\/\/www.radiomais.ao\/?p=880"},"modified":"2025-06-27T11:02:07","modified_gmt":"2025-06-27T10:02:07","slug":"angola-e-mocambique-reforcam-relacoes-com-missiva-presidencial-de-solidariedade","status":"publish","type":"post","link":"https:\/\/www.radiomais.ao\/index.php\/2025\/06\/27\/angola-e-mocambique-reforcam-relacoes-com-missiva-presidencial-de-solidariedade\/","title":{"rendered":"Angola e Mo\u00e7ambique refor\u00e7am rela\u00e7\u00f5es com missiva presidencial de solidariedade."},"content":{"rendered":"\n<p>A presidente da Assembleia Nacional, Carolina Cerqueira, entregou, nesta quinta-feira,26, em Maputo, uma missiva presidencial ao Chefe de Estado de Mo\u00e7ambique, Daniel Chapo. Fonte <strong><em><a href=\"https:\/\/www.opais.ao\/politica\/angola-e-mocambique-reforcam-relacoes-com-missiva-presidencial-de-solidariedade\/\">Opa\u00eds<\/a><\/em><\/strong><\/p>\n","protected":false},"excerpt":{"rendered":"<p>A presidente da Assembleia Nacional, Carolina Cerqueira, entregou, nesta quinta-feira,26, em Maputo, uma missiva presidencial ao Chefe de Estado de Mo\u00e7ambique, Daniel Chapo. Fonte Opa\u00eds<\/p>\n","protected":false},"author":3,"featured_media":881,"comment_status":"open","ping_status":"open","sticky":false,"template":"","format":"standard","meta":{"footnotes":""},"categories":[16],"tags":[53],"class_list":["post-880","post","type-post","status-publish","format-standard","has-post-thumbnail","hentry","category-actualidade","tag-angola-e-mocambique-reforcam-relacoes-com-missiva-presidencial-de-solidariedade"],"blocksy_meta":[],"_links":{"self":[{"href":"https:\/\/www.radiomais.ao\/index.php\/wp-json\/wp\/v2\/posts\/880","targetHints":{"allow":["GET"]}}],"collection":[{"href":"https:\/\/www.radiomais.ao\/index.php\/wp-json\/wp\/v2\/posts"}],"about":[{"href":"https:\/\/www.radiomais.ao\/index.php\/wp-json\/wp\/v2\/types\/post"}],"author":[{"embeddable":true,"href":"https:\/\/www.radiomais.ao\/index.php\/wp-json\/wp\/v2\/users\/3"}],"replies":[{"embeddable":true,"href":"https:\/\/www.radiomais.ao\/index.php\/wp-json\/wp\/v2\/comments?post=880"}],"version-history":[{"count":1,"href":"https:\/\/www.radiomais.ao\/index.php\/wp-json\/wp\/v2\/posts\/880\/revisions"}],"predecessor-version":[{"id":882,"href":"https:\/\/www.radiomais.ao\/index.php\/wp-json\/wp\/v2\/posts\/880\/revisions\/882"}],"wp:featuredmedia":[{"embeddable":true,"href":"https:\/\/www.radiomais.ao\/index.php\/wp-json\/wp\/v2\/media\/881"}],"wp:attachment":[{"href":"https:\/\/www.radiomais.ao\/index.php\/wp-json\/wp\/v2\/media?parent=880"}],"wp:term":[{"taxonomy":"category","embeddable":true,"href":"https:\/\/www.radiomais.ao\/index.php\/wp-json\/wp\/v2\/categories?post=880"},{"taxonomy":"post_tag","embeddable":true,"href":"https:\/\/www.radiomais.ao\/index.php\/wp-json\/wp\/v2\/tags?post=880"}],"curies":[{"name":"wp","href":"https:\/\/api.w.org\/{rel}","templated":true}]}}