{"id":883,"date":"2025-06-27T11:07:38","date_gmt":"2025-06-27T10:07:38","guid":{"rendered":"https:\/\/www.radiomais.ao\/?p=883"},"modified":"2025-06-27T11:08:43","modified_gmt":"2025-06-27T10:08:43","slug":"eua-querem-replica-do-corredor-do-lobito-em-outros-paises-de-africa","status":"publish","type":"post","link":"https:\/\/www.radiomais.ao\/index.php\/2025\/06\/27\/eua-querem-replica-do-corredor-do-lobito-em-outros-paises-de-africa\/","title":{"rendered":"EUA quer r\u00e9plica do Corredor do Lobito em outros pa\u00edses de \u00c1frica."},"content":{"rendered":"\n<p>O Governo dos Estados da Am\u00e9rica manifestou o interesse de replicar o Corredor do Lobito em outros pa\u00edses de \u00c1frica, por ser um projecto estrat\u00e9gico para o desenvolvimento do continente \u2013 sinalizou a presidente e CEO do Conselho Corporativo em \u00c1frica, Florie Liser, que falava em confer\u00eancia de imprensa, na quinta-feira, 26, no Lobito. Fonte <strong><em><a href=\"https:\/\/www.opais.ao\/economia\/eua-querem-replica-do-corredor-do-lobito-em-outros-paises-de-africa-por-trump-amar-o-projecto\/\">Opa\u00eds<\/a><\/em><\/strong><\/p>\n\n\n\n<p><\/p>\n","protected":false},"excerpt":{"rendered":"<p>O Governo dos Estados da Am\u00e9rica manifestou o interesse de replicar o Corredor do Lobito em outros pa\u00edses de \u00c1frica, por ser um projecto estrat\u00e9gico para o desenvolvimento do continente \u2013 sinalizou a presidente e CEO do Conselho Corporativo em \u00c1frica, Florie Liser, que falava em confer\u00eancia de imprensa, na quinta-feira, 26, no Lobito. Fonte [&hellip;]<\/p>\n","protected":false},"author":3,"featured_media":884,"comment_status":"open","ping_status":"open","sticky":false,"template":"","format":"standard","meta":{"footnotes":""},"categories":[16],"tags":[54],"class_list":["post-883","post","type-post","status-publish","format-standard","has-post-thumbnail","hentry","category-actualidade","tag-eua-querem-replica-do-corredor-do-lobito-em-outros-paises-de-africa"],"blocksy_meta":[],"_links":{"self":[{"href":"https:\/\/www.radiomais.ao\/index.php\/wp-json\/wp\/v2\/posts\/883","targetHints":{"allow":["GET"]}}],"collection":[{"href":"https:\/\/www.radiomais.ao\/index.php\/wp-json\/wp\/v2\/posts"}],"about":[{"href":"https:\/\/www.radiomais.ao\/index.php\/wp-json\/wp\/v2\/types\/post"}],"author":[{"embeddable":true,"href":"https:\/\/www.radiomais.ao\/index.php\/wp-json\/wp\/v2\/users\/3"}],"replies":[{"embeddable":true,"href":"https:\/\/www.radiomais.ao\/index.php\/wp-json\/wp\/v2\/comments?post=883"}],"version-history":[{"count":3,"href":"https:\/\/www.radiomais.ao\/index.php\/wp-json\/wp\/v2\/posts\/883\/revisions"}],"predecessor-version":[{"id":887,"href":"https:\/\/www.radiomais.ao\/index.php\/wp-json\/wp\/v2\/posts\/883\/revisions\/887"}],"wp:featuredmedia":[{"embeddable":true,"href":"https:\/\/www.radiomais.ao\/index.php\/wp-json\/wp\/v2\/media\/884"}],"wp:attachment":[{"href":"https:\/\/www.radiomais.ao\/index.php\/wp-json\/wp\/v2\/media?parent=883"}],"wp:term":[{"taxonomy":"category","embeddable":true,"href":"https:\/\/www.radiomais.ao\/index.php\/wp-json\/wp\/v2\/categories?post=883"},{"taxonomy":"post_tag","embeddable":true,"href":"https:\/\/www.radiomais.ao\/index.php\/wp-json\/wp\/v2\/tags?post=883"}],"curies":[{"name":"wp","href":"https:\/\/api.w.org\/{rel}","templated":true}]}}