{"id":888,"date":"2025-06-27T11:18:36","date_gmt":"2025-06-27T10:18:36","guid":{"rendered":"https:\/\/www.radiomais.ao\/?p=888"},"modified":"2025-06-27T11:18:36","modified_gmt":"2025-06-27T10:18:36","slug":"apenas-10-das-empresas-aderiram-ao-seguro-de-acidentes-e-doencas-profissionais","status":"publish","type":"post","link":"https:\/\/www.radiomais.ao\/index.php\/2025\/06\/27\/apenas-10-das-empresas-aderiram-ao-seguro-de-acidentes-e-doencas-profissionais\/","title":{"rendered":"Apenas 10% das empresas aderiram ao seguro de acidentes e doen\u00e7as profissionais."},"content":{"rendered":"\n<p>Cerca de 10% das empresas angolanas aderiram ao seguro de acidentes e doen\u00e7as profissionais obrigat\u00f3rio, institu\u00eddo em 2005. As demais empresas incorrem em penaliza\u00e7\u00f5es por incumprimento. Fonte <strong><em><a href=\"https:\/\/www.opais.ao\/economia\/apenas-10-das-empresas-aderiram-ao-seguro-de-acidentes-e-doencas-profissionais\/\">Opa\u00eds<\/a><\/em><\/strong><\/p>\n\n\n\n<p><\/p>\n","protected":false},"excerpt":{"rendered":"<p>Cerca de 10% das empresas angolanas aderiram ao seguro de acidentes e doen\u00e7as profissionais obrigat\u00f3rio, institu\u00eddo em 2005. As demais empresas incorrem em penaliza\u00e7\u00f5es por incumprimento. Fonte Opa\u00eds<\/p>\n","protected":false},"author":3,"featured_media":889,"comment_status":"open","ping_status":"open","sticky":false,"template":"","format":"standard","meta":{"footnotes":""},"categories":[16],"tags":[55],"class_list":["post-888","post","type-post","status-publish","format-standard","has-post-thumbnail","hentry","category-actualidade","tag-apenas-10-das-empresas-aderiram-ao-seguro-de-acidentes-e-doencas-profissionais"],"blocksy_meta":[],"_links":{"self":[{"href":"https:\/\/www.radiomais.ao\/index.php\/wp-json\/wp\/v2\/posts\/888","targetHints":{"allow":["GET"]}}],"collection":[{"href":"https:\/\/www.radiomais.ao\/index.php\/wp-json\/wp\/v2\/posts"}],"about":[{"href":"https:\/\/www.radiomais.ao\/index.php\/wp-json\/wp\/v2\/types\/post"}],"author":[{"embeddable":true,"href":"https:\/\/www.radiomais.ao\/index.php\/wp-json\/wp\/v2\/users\/3"}],"replies":[{"embeddable":true,"href":"https:\/\/www.radiomais.ao\/index.php\/wp-json\/wp\/v2\/comments?post=888"}],"version-history":[{"count":1,"href":"https:\/\/www.radiomais.ao\/index.php\/wp-json\/wp\/v2\/posts\/888\/revisions"}],"predecessor-version":[{"id":890,"href":"https:\/\/www.radiomais.ao\/index.php\/wp-json\/wp\/v2\/posts\/888\/revisions\/890"}],"wp:featuredmedia":[{"embeddable":true,"href":"https:\/\/www.radiomais.ao\/index.php\/wp-json\/wp\/v2\/media\/889"}],"wp:attachment":[{"href":"https:\/\/www.radiomais.ao\/index.php\/wp-json\/wp\/v2\/media?parent=888"}],"wp:term":[{"taxonomy":"category","embeddable":true,"href":"https:\/\/www.radiomais.ao\/index.php\/wp-json\/wp\/v2\/categories?post=888"},{"taxonomy":"post_tag","embeddable":true,"href":"https:\/\/www.radiomais.ao\/index.php\/wp-json\/wp\/v2\/tags?post=888"}],"curies":[{"name":"wp","href":"https:\/\/api.w.org\/{rel}","templated":true}]}}