{"id":891,"date":"2025-06-27T11:22:04","date_gmt":"2025-06-27T10:22:04","guid":{"rendered":"https:\/\/www.radiomais.ao\/?p=891"},"modified":"2025-06-27T11:22:04","modified_gmt":"2025-06-27T10:22:04","slug":"workshop-debate-conservacao-dos-elefantes-da-floresta","status":"publish","type":"post","link":"https:\/\/www.radiomais.ao\/index.php\/2025\/06\/27\/workshop-debate-conservacao-dos-elefantes-da-floresta\/","title":{"rendered":"Workshop debate conserva\u00e7\u00e3o dos elefantes-da-floresta."},"content":{"rendered":"\n<p>A Funda\u00e7\u00e3o Kissama, em parceria com o Instituto Nacional da Biodiversidade e \u00c1reas de Conserva\u00e7\u00e3o (INBAC), realiza no pr\u00f3ximo dia 2 de Julho, em Luanda, um \u2018Workshop de Alinhamento e Debate sobre o Estado e Conserva\u00e7\u00e3o dos Elefantes-da-Floresta\u2019, uma esp\u00e9cie animal em estado cr\u00edtico de amea\u00e7a. Fonte<strong><em><a href=\"https:\/\/www.opais.ao\/sociedade\/workshop-debate-conservacao-dos-elefantes-da-floresta\/\"> Opa\u00eds<\/a><\/em><\/strong><\/p>\n\n\n\n<p><\/p>\n","protected":false},"excerpt":{"rendered":"<p>A Funda\u00e7\u00e3o Kissama, em parceria com o Instituto Nacional da Biodiversidade e \u00c1reas de Conserva\u00e7\u00e3o (INBAC), realiza no pr\u00f3ximo dia 2 de Julho, em Luanda, um \u2018Workshop de Alinhamento e Debate sobre o Estado e Conserva\u00e7\u00e3o dos Elefantes-da-Floresta\u2019, uma esp\u00e9cie animal em estado cr\u00edtico de amea\u00e7a. Fonte Opa\u00eds<\/p>\n","protected":false},"author":3,"featured_media":892,"comment_status":"open","ping_status":"open","sticky":false,"template":"","format":"standard","meta":{"footnotes":""},"categories":[16],"tags":[56],"class_list":["post-891","post","type-post","status-publish","format-standard","has-post-thumbnail","hentry","category-actualidade","tag-workshop-debate-conservacao-dos-elefantes-da-floresta"],"blocksy_meta":[],"_links":{"self":[{"href":"https:\/\/www.radiomais.ao\/index.php\/wp-json\/wp\/v2\/posts\/891","targetHints":{"allow":["GET"]}}],"collection":[{"href":"https:\/\/www.radiomais.ao\/index.php\/wp-json\/wp\/v2\/posts"}],"about":[{"href":"https:\/\/www.radiomais.ao\/index.php\/wp-json\/wp\/v2\/types\/post"}],"author":[{"embeddable":true,"href":"https:\/\/www.radiomais.ao\/index.php\/wp-json\/wp\/v2\/users\/3"}],"replies":[{"embeddable":true,"href":"https:\/\/www.radiomais.ao\/index.php\/wp-json\/wp\/v2\/comments?post=891"}],"version-history":[{"count":1,"href":"https:\/\/www.radiomais.ao\/index.php\/wp-json\/wp\/v2\/posts\/891\/revisions"}],"predecessor-version":[{"id":893,"href":"https:\/\/www.radiomais.ao\/index.php\/wp-json\/wp\/v2\/posts\/891\/revisions\/893"}],"wp:featuredmedia":[{"embeddable":true,"href":"https:\/\/www.radiomais.ao\/index.php\/wp-json\/wp\/v2\/media\/892"}],"wp:attachment":[{"href":"https:\/\/www.radiomais.ao\/index.php\/wp-json\/wp\/v2\/media?parent=891"}],"wp:term":[{"taxonomy":"category","embeddable":true,"href":"https:\/\/www.radiomais.ao\/index.php\/wp-json\/wp\/v2\/categories?post=891"},{"taxonomy":"post_tag","embeddable":true,"href":"https:\/\/www.radiomais.ao\/index.php\/wp-json\/wp\/v2\/tags?post=891"}],"curies":[{"name":"wp","href":"https:\/\/api.w.org\/{rel}","templated":true}]}}