{"id":894,"date":"2025-06-27T11:26:01","date_gmt":"2025-06-27T10:26:01","guid":{"rendered":"https:\/\/www.radiomais.ao\/?p=894"},"modified":"2025-06-27T11:26:01","modified_gmt":"2025-06-27T10:26:01","slug":"doentes-angolanos-preveem-saude-encurtada-com-encerramento-de-cura-em-portugal","status":"publish","type":"post","link":"https:\/\/www.radiomais.ao\/index.php\/2025\/06\/27\/doentes-angolanos-preveem-saude-encurtada-com-encerramento-de-cura-em-portugal\/","title":{"rendered":"Doentes angolanos preveem \u2018sa\u00fade encurtada\u2019 com encerramento de cura em Portugal."},"content":{"rendered":"\n<p>Em 2026, os pacientes que, por Junta M\u00e9dica do Minist\u00e9rio da Sa\u00fade de Angola, estiverem a beneficiar de tratamento em Portugal, ver\u00e3o esses servi\u00e7os encerrados, sendo que dever\u00e3o dar continuidade no seu pa\u00eds de origem, de onde ser\u00e3o direccionados para a \u00c1frica do Sul, quando situa\u00e7\u00f5es m\u00e9dicas ainda requererem tratamento adicional, ap\u00f3s criteriosa avalia\u00e7\u00e3o ditar tal necessidade. Fonte <strong><em><a href=\"https:\/\/www.opais.ao\/sociedade\/doentes-angolanos-preveem-saude-encurtada-com-encerramento-de-cura-em-portugal\/\">Opa\u00eds<\/a><\/em><\/strong><\/p>\n\n\n\n<p><\/p>\n","protected":false},"excerpt":{"rendered":"<p>Em 2026, os pacientes que, por Junta M\u00e9dica do Minist\u00e9rio da Sa\u00fade de Angola, estiverem a beneficiar de tratamento em Portugal, ver\u00e3o esses servi\u00e7os encerrados, sendo que dever\u00e3o dar continuidade no seu pa\u00eds de origem, de onde ser\u00e3o direccionados para a \u00c1frica do Sul, quando situa\u00e7\u00f5es m\u00e9dicas ainda requererem tratamento adicional, ap\u00f3s criteriosa avalia\u00e7\u00e3o ditar [&hellip;]<\/p>\n","protected":false},"author":3,"featured_media":895,"comment_status":"open","ping_status":"open","sticky":false,"template":"","format":"standard","meta":{"footnotes":""},"categories":[16],"tags":[57],"class_list":["post-894","post","type-post","status-publish","format-standard","has-post-thumbnail","hentry","category-actualidade","tag-doentes-angolanos-preveem-saude-encurtada-com-encerramento-de-cura-em-portugal"],"blocksy_meta":[],"_links":{"self":[{"href":"https:\/\/www.radiomais.ao\/index.php\/wp-json\/wp\/v2\/posts\/894","targetHints":{"allow":["GET"]}}],"collection":[{"href":"https:\/\/www.radiomais.ao\/index.php\/wp-json\/wp\/v2\/posts"}],"about":[{"href":"https:\/\/www.radiomais.ao\/index.php\/wp-json\/wp\/v2\/types\/post"}],"author":[{"embeddable":true,"href":"https:\/\/www.radiomais.ao\/index.php\/wp-json\/wp\/v2\/users\/3"}],"replies":[{"embeddable":true,"href":"https:\/\/www.radiomais.ao\/index.php\/wp-json\/wp\/v2\/comments?post=894"}],"version-history":[{"count":1,"href":"https:\/\/www.radiomais.ao\/index.php\/wp-json\/wp\/v2\/posts\/894\/revisions"}],"predecessor-version":[{"id":896,"href":"https:\/\/www.radiomais.ao\/index.php\/wp-json\/wp\/v2\/posts\/894\/revisions\/896"}],"wp:featuredmedia":[{"embeddable":true,"href":"https:\/\/www.radiomais.ao\/index.php\/wp-json\/wp\/v2\/media\/895"}],"wp:attachment":[{"href":"https:\/\/www.radiomais.ao\/index.php\/wp-json\/wp\/v2\/media?parent=894"}],"wp:term":[{"taxonomy":"category","embeddable":true,"href":"https:\/\/www.radiomais.ao\/index.php\/wp-json\/wp\/v2\/categories?post=894"},{"taxonomy":"post_tag","embeddable":true,"href":"https:\/\/www.radiomais.ao\/index.php\/wp-json\/wp\/v2\/tags?post=894"}],"curies":[{"name":"wp","href":"https:\/\/api.w.org\/{rel}","templated":true}]}}