{"id":897,"date":"2025-06-27T11:40:55","date_gmt":"2025-06-27T10:40:55","guid":{"rendered":"https:\/\/www.radiomais.ao\/?p=897"},"modified":"2025-06-27T11:40:55","modified_gmt":"2025-06-27T10:40:55","slug":"minttics-lanca-tecnologia-de-apoio-ao-combate-a-seca-no-sul-de-angola","status":"publish","type":"post","link":"https:\/\/www.radiomais.ao\/index.php\/2025\/06\/27\/minttics-lanca-tecnologia-de-apoio-ao-combate-a-seca-no-sul-de-angola\/","title":{"rendered":"MINTTICS lan\u00e7a tecnologia de apoio ao combate \u00e0 seca no Sul de Angola."},"content":{"rendered":"\n<p>O Minist\u00e9rio das Telecomunica\u00e7\u00f5es e Tecnologias de Informa\u00e7\u00e3o e Comunica\u00e7\u00e3o Social (MINTTICS) lan\u00e7ou oficialmente, ontem, em Luanda, uma ferramenta tecnol\u00f3gica de apoio \u00e0 tomada de decis\u00e3o para o combate \u00e0 seca no Sul de Angola, em todas as suas dimens\u00f5es. Fonte <strong><em><a href=\"https:\/\/www.opais.ao\/sociedade\/minttics-lanca-tecnologia-de-apoio-ao-combate-a-seca-no-sul-de-angola\/\">Opa\u00eds.<\/a><\/em><\/strong><\/p>\n\n\n\n<p><\/p>\n","protected":false},"excerpt":{"rendered":"<p>O Minist\u00e9rio das Telecomunica\u00e7\u00f5es e Tecnologias de Informa\u00e7\u00e3o e Comunica\u00e7\u00e3o Social (MINTTICS) lan\u00e7ou oficialmente, ontem, em Luanda, uma ferramenta tecnol\u00f3gica de apoio \u00e0 tomada de decis\u00e3o para o combate \u00e0 seca no Sul de Angola, em todas as suas dimens\u00f5es. Fonte Opa\u00eds.<\/p>\n","protected":false},"author":3,"featured_media":898,"comment_status":"open","ping_status":"open","sticky":false,"template":"","format":"standard","meta":{"footnotes":""},"categories":[16],"tags":[58],"class_list":["post-897","post","type-post","status-publish","format-standard","has-post-thumbnail","hentry","category-actualidade","tag-minttics-lanca-tecnologia-de-apoio-ao-combate-a-seca-no-sul-de-angola"],"blocksy_meta":[],"_links":{"self":[{"href":"https:\/\/www.radiomais.ao\/index.php\/wp-json\/wp\/v2\/posts\/897","targetHints":{"allow":["GET"]}}],"collection":[{"href":"https:\/\/www.radiomais.ao\/index.php\/wp-json\/wp\/v2\/posts"}],"about":[{"href":"https:\/\/www.radiomais.ao\/index.php\/wp-json\/wp\/v2\/types\/post"}],"author":[{"embeddable":true,"href":"https:\/\/www.radiomais.ao\/index.php\/wp-json\/wp\/v2\/users\/3"}],"replies":[{"embeddable":true,"href":"https:\/\/www.radiomais.ao\/index.php\/wp-json\/wp\/v2\/comments?post=897"}],"version-history":[{"count":1,"href":"https:\/\/www.radiomais.ao\/index.php\/wp-json\/wp\/v2\/posts\/897\/revisions"}],"predecessor-version":[{"id":899,"href":"https:\/\/www.radiomais.ao\/index.php\/wp-json\/wp\/v2\/posts\/897\/revisions\/899"}],"wp:featuredmedia":[{"embeddable":true,"href":"https:\/\/www.radiomais.ao\/index.php\/wp-json\/wp\/v2\/media\/898"}],"wp:attachment":[{"href":"https:\/\/www.radiomais.ao\/index.php\/wp-json\/wp\/v2\/media?parent=897"}],"wp:term":[{"taxonomy":"category","embeddable":true,"href":"https:\/\/www.radiomais.ao\/index.php\/wp-json\/wp\/v2\/categories?post=897"},{"taxonomy":"post_tag","embeddable":true,"href":"https:\/\/www.radiomais.ao\/index.php\/wp-json\/wp\/v2\/tags?post=897"}],"curies":[{"name":"wp","href":"https:\/\/api.w.org\/{rel}","templated":true}]}}