{"id":940,"date":"2025-07-05T11:47:16","date_gmt":"2025-07-05T10:47:16","guid":{"rendered":"https:\/\/www.radiomais.ao\/?p=940"},"modified":"2025-07-05T11:47:16","modified_gmt":"2025-07-05T10:47:16","slug":"governo-do-bie-reinicia-construcao-de-14-projectos-paralisados-do-piim","status":"publish","type":"post","link":"https:\/\/www.radiomais.ao\/index.php\/2025\/07\/05\/governo-do-bie-reinicia-construcao-de-14-projectos-paralisados-do-piim\/","title":{"rendered":"Governo do Bi\u00e9 reinicia constru\u00e7\u00e3o de 14 projectos paralisados do PIIM."},"content":{"rendered":"\n<p>Um total de Catorze dos setenta e cinco projectos do Programa Integrado de Interven\u00e7\u00e3o nos Munic\u00edpios (PIIM), na prov\u00edncia do Bi\u00e9, que estavam paralisados, j\u00e1 se encontram em execu\u00e7\u00e3o. Fonte <strong><em><a href=\"https:\/\/www.opais.ao\/politica\/governo-do-bie-reinicia-construcao-de-14-projectos-paralisados-do-piim\/\">Opa\u00eds<\/a><\/em><\/strong><\/p>\n","protected":false},"excerpt":{"rendered":"<p>Um total de Catorze dos setenta e cinco projectos do Programa Integrado de Interven\u00e7\u00e3o nos Munic\u00edpios (PIIM), na prov\u00edncia do Bi\u00e9, que estavam paralisados, j\u00e1 se encontram em execu\u00e7\u00e3o. Fonte Opa\u00eds<\/p>\n","protected":false},"author":3,"featured_media":941,"comment_status":"open","ping_status":"open","sticky":false,"template":"","format":"standard","meta":{"footnotes":""},"categories":[16],"tags":[63],"class_list":["post-940","post","type-post","status-publish","format-standard","has-post-thumbnail","hentry","category-actualidade","tag-governo-do-bie-reinicia-construcao-de-14-projectos-paralisados"],"blocksy_meta":[],"_links":{"self":[{"href":"https:\/\/www.radiomais.ao\/index.php\/wp-json\/wp\/v2\/posts\/940","targetHints":{"allow":["GET"]}}],"collection":[{"href":"https:\/\/www.radiomais.ao\/index.php\/wp-json\/wp\/v2\/posts"}],"about":[{"href":"https:\/\/www.radiomais.ao\/index.php\/wp-json\/wp\/v2\/types\/post"}],"author":[{"embeddable":true,"href":"https:\/\/www.radiomais.ao\/index.php\/wp-json\/wp\/v2\/users\/3"}],"replies":[{"embeddable":true,"href":"https:\/\/www.radiomais.ao\/index.php\/wp-json\/wp\/v2\/comments?post=940"}],"version-history":[{"count":1,"href":"https:\/\/www.radiomais.ao\/index.php\/wp-json\/wp\/v2\/posts\/940\/revisions"}],"predecessor-version":[{"id":942,"href":"https:\/\/www.radiomais.ao\/index.php\/wp-json\/wp\/v2\/posts\/940\/revisions\/942"}],"wp:featuredmedia":[{"embeddable":true,"href":"https:\/\/www.radiomais.ao\/index.php\/wp-json\/wp\/v2\/media\/941"}],"wp:attachment":[{"href":"https:\/\/www.radiomais.ao\/index.php\/wp-json\/wp\/v2\/media?parent=940"}],"wp:term":[{"taxonomy":"category","embeddable":true,"href":"https:\/\/www.radiomais.ao\/index.php\/wp-json\/wp\/v2\/categories?post=940"},{"taxonomy":"post_tag","embeddable":true,"href":"https:\/\/www.radiomais.ao\/index.php\/wp-json\/wp\/v2\/tags?post=940"}],"curies":[{"name":"wp","href":"https:\/\/api.w.org\/{rel}","templated":true}]}}