{"id":943,"date":"2025-07-05T11:52:36","date_gmt":"2025-07-05T10:52:36","guid":{"rendered":"https:\/\/www.radiomais.ao\/?p=943"},"modified":"2025-07-05T11:52:36","modified_gmt":"2025-07-05T10:52:36","slug":"joao-lourenco-viaja-ao-brasil-para-cimeira-dos-brics","status":"publish","type":"post","link":"https:\/\/www.radiomais.ao\/index.php\/2025\/07\/05\/joao-lourenco-viaja-ao-brasil-para-cimeira-dos-brics\/","title":{"rendered":"Jo\u00e3o Louren\u00e7o viaja ao Brasil para Cimeira dos BRICS."},"content":{"rendered":"\n<p>O evento reunir\u00e1 Chefes de Estado e de Governo dos pa\u00edses que integram o bloco (Brasil, R\u00fassia, \u00cdndia, China e \u00c1frica do Sul) para discutir temas priorit\u00e1rios de interesse comum, como economia, seguran\u00e7a, meio ambiente, com\u00e9rcio internacional e desenvolvimento sustent\u00e1vel. Fonte <strong><em><a href=\"https:\/\/www.opais.ao\/politica\/joao-lourenco-viaja-ao-brasil-para-cimeira-dos-brics\/\">Opa\u00eds<\/a><\/em><\/strong><\/p>\n\n\n\n<p><\/p>\n","protected":false},"excerpt":{"rendered":"<p>O evento reunir\u00e1 Chefes de Estado e de Governo dos pa\u00edses que integram o bloco (Brasil, R\u00fassia, \u00cdndia, China e \u00c1frica do Sul) para discutir temas priorit\u00e1rios de interesse comum, como economia, seguran\u00e7a, meio ambiente, com\u00e9rcio internacional e desenvolvimento sustent\u00e1vel. Fonte Opa\u00eds<\/p>\n","protected":false},"author":3,"featured_media":944,"comment_status":"open","ping_status":"open","sticky":false,"template":"","format":"standard","meta":{"footnotes":""},"categories":[16],"tags":[64],"class_list":["post-943","post","type-post","status-publish","format-standard","has-post-thumbnail","hentry","category-actualidade","tag-joao-lourenco-viaja-ao-brasil-para-cimeira-dos-brics"],"blocksy_meta":[],"_links":{"self":[{"href":"https:\/\/www.radiomais.ao\/index.php\/wp-json\/wp\/v2\/posts\/943","targetHints":{"allow":["GET"]}}],"collection":[{"href":"https:\/\/www.radiomais.ao\/index.php\/wp-json\/wp\/v2\/posts"}],"about":[{"href":"https:\/\/www.radiomais.ao\/index.php\/wp-json\/wp\/v2\/types\/post"}],"author":[{"embeddable":true,"href":"https:\/\/www.radiomais.ao\/index.php\/wp-json\/wp\/v2\/users\/3"}],"replies":[{"embeddable":true,"href":"https:\/\/www.radiomais.ao\/index.php\/wp-json\/wp\/v2\/comments?post=943"}],"version-history":[{"count":1,"href":"https:\/\/www.radiomais.ao\/index.php\/wp-json\/wp\/v2\/posts\/943\/revisions"}],"predecessor-version":[{"id":945,"href":"https:\/\/www.radiomais.ao\/index.php\/wp-json\/wp\/v2\/posts\/943\/revisions\/945"}],"wp:featuredmedia":[{"embeddable":true,"href":"https:\/\/www.radiomais.ao\/index.php\/wp-json\/wp\/v2\/media\/944"}],"wp:attachment":[{"href":"https:\/\/www.radiomais.ao\/index.php\/wp-json\/wp\/v2\/media?parent=943"}],"wp:term":[{"taxonomy":"category","embeddable":true,"href":"https:\/\/www.radiomais.ao\/index.php\/wp-json\/wp\/v2\/categories?post=943"},{"taxonomy":"post_tag","embeddable":true,"href":"https:\/\/www.radiomais.ao\/index.php\/wp-json\/wp\/v2\/tags?post=943"}],"curies":[{"name":"wp","href":"https:\/\/api.w.org\/{rel}","templated":true}]}}