{"id":952,"date":"2025-07-05T12:13:01","date_gmt":"2025-07-05T11:13:01","guid":{"rendered":"https:\/\/www.radiomais.ao\/?p=952"},"modified":"2025-07-05T12:13:01","modified_gmt":"2025-07-05T11:13:01","slug":"tribunal-de-mocamedes-condena-cidadao-a-12-anos-de-prisao-por-abuso-sexual-de-menor","status":"publish","type":"post","link":"https:\/\/www.radiomais.ao\/index.php\/2025\/07\/05\/tribunal-de-mocamedes-condena-cidadao-a-12-anos-de-prisao-por-abuso-sexual-de-menor\/","title":{"rendered":"Tribunal de Mo\u00e7\u00e2medes condena cidad\u00e3o a 12 anos de pris\u00e3o por abuso sexual de menor."},"content":{"rendered":"\n<p>Um cidad\u00e3o nacional, de 35 anos de idade, residente na prov\u00edncia do Namibe, foi condenado, esta sexta-feira, 04, pelo Tribunal de Comarca de Mo\u00e7\u00e2medes, a 12 anos de pris\u00e3o pelo crime de agress\u00e3o sexual contra a sua cunhada, menor de 14 anos de idade, que na altura do suposto acto residia na sua resid\u00eancia. Fonte<strong><em><a href=\"https:\/\/www.opais.ao\/destaque\/tribunal-de-mocamedes-condena-cidadao-a-12-anos-de-prisao-por-abuso-sexual-de-menor\/\"> Opa\u00eds<\/a><\/em><\/strong><\/p>\n","protected":false},"excerpt":{"rendered":"<p>Um cidad\u00e3o nacional, de 35 anos de idade, residente na prov\u00edncia do Namibe, foi condenado, esta sexta-feira, 04, pelo Tribunal de Comarca de Mo\u00e7\u00e2medes, a 12 anos de pris\u00e3o pelo crime de agress\u00e3o sexual contra a sua cunhada, menor de 14 anos de idade, que na altura do suposto acto residia na sua resid\u00eancia. Fonte [&hellip;]<\/p>\n","protected":false},"author":3,"featured_media":953,"comment_status":"open","ping_status":"open","sticky":false,"template":"","format":"standard","meta":{"footnotes":""},"categories":[16],"tags":[68],"class_list":["post-952","post","type-post","status-publish","format-standard","has-post-thumbnail","hentry","category-actualidade","tag-tribunal-de-mocamedes-condena-cidadao-a-12-anos-de-prisao-por-abuso-sexual-de-menor"],"blocksy_meta":[],"_links":{"self":[{"href":"https:\/\/www.radiomais.ao\/index.php\/wp-json\/wp\/v2\/posts\/952","targetHints":{"allow":["GET"]}}],"collection":[{"href":"https:\/\/www.radiomais.ao\/index.php\/wp-json\/wp\/v2\/posts"}],"about":[{"href":"https:\/\/www.radiomais.ao\/index.php\/wp-json\/wp\/v2\/types\/post"}],"author":[{"embeddable":true,"href":"https:\/\/www.radiomais.ao\/index.php\/wp-json\/wp\/v2\/users\/3"}],"replies":[{"embeddable":true,"href":"https:\/\/www.radiomais.ao\/index.php\/wp-json\/wp\/v2\/comments?post=952"}],"version-history":[{"count":1,"href":"https:\/\/www.radiomais.ao\/index.php\/wp-json\/wp\/v2\/posts\/952\/revisions"}],"predecessor-version":[{"id":954,"href":"https:\/\/www.radiomais.ao\/index.php\/wp-json\/wp\/v2\/posts\/952\/revisions\/954"}],"wp:featuredmedia":[{"embeddable":true,"href":"https:\/\/www.radiomais.ao\/index.php\/wp-json\/wp\/v2\/media\/953"}],"wp:attachment":[{"href":"https:\/\/www.radiomais.ao\/index.php\/wp-json\/wp\/v2\/media?parent=952"}],"wp:term":[{"taxonomy":"category","embeddable":true,"href":"https:\/\/www.radiomais.ao\/index.php\/wp-json\/wp\/v2\/categories?post=952"},{"taxonomy":"post_tag","embeddable":true,"href":"https:\/\/www.radiomais.ao\/index.php\/wp-json\/wp\/v2\/tags?post=952"}],"curies":[{"name":"wp","href":"https:\/\/api.w.org\/{rel}","templated":true}]}}