{"id":964,"date":"2025-07-05T12:32:50","date_gmt":"2025-07-05T11:32:50","guid":{"rendered":"https:\/\/www.radiomais.ao\/?p=964"},"modified":"2025-07-05T12:32:50","modified_gmt":"2025-07-05T11:32:50","slug":"racio-da-divida-angolana-reduz-para-cerca-de-58-mil-milhoes-de-dolares","status":"publish","type":"post","link":"https:\/\/www.radiomais.ao\/index.php\/2025\/07\/05\/racio-da-divida-angolana-reduz-para-cerca-de-58-mil-milhoes-de-dolares\/","title":{"rendered":"R\u00e1cio da d\u00edvida angolana reduz para cerca de 58 mil milh\u00f5es de d\u00f3lares,"},"content":{"rendered":"\n<p><strong>O r\u00e1cio da d\u00edvida p\u00fablica de Angola em rela\u00e7\u00e3o ao Produto Interno Bruto (PIB) est\u00e1 avaliado em cerca de 58 mil milh\u00f5es de d\u00f3lares, demonstrando uma redu\u00e7\u00e3o cont\u00ednua e positiva para assegurar a sustentabilidade das finan\u00e7as p\u00fablicas do pa\u00eds<\/strong>. Fonte <strong><em><a href=\"https:\/\/www.opais.ao\/economia\/racio-da-divida-angolana-reduz-para-cerca-de-58-mil-milhoes-de-dolares\/\">Opa\u00eds<\/a><\/em><\/strong><\/p>\n\n\n\n<p><\/p>\n","protected":false},"excerpt":{"rendered":"<p>O r\u00e1cio da d\u00edvida p\u00fablica de Angola em rela\u00e7\u00e3o ao Produto Interno Bruto (PIB) est\u00e1 avaliado em cerca de 58 mil milh\u00f5es de d\u00f3lares, demonstrando uma redu\u00e7\u00e3o cont\u00ednua e positiva para assegurar a sustentabilidade das finan\u00e7as p\u00fablicas do pa\u00eds. Fonte Opa\u00eds<\/p>\n","protected":false},"author":3,"featured_media":965,"comment_status":"open","ping_status":"open","sticky":false,"template":"","format":"standard","meta":{"footnotes":""},"categories":[16],"tags":[71],"class_list":["post-964","post","type-post","status-publish","format-standard","has-post-thumbnail","hentry","category-actualidade","tag-racio-da-divida-angolana-reduz-para-cerca-de-58-mil-milhoes-de-dolares"],"blocksy_meta":[],"_links":{"self":[{"href":"https:\/\/www.radiomais.ao\/index.php\/wp-json\/wp\/v2\/posts\/964","targetHints":{"allow":["GET"]}}],"collection":[{"href":"https:\/\/www.radiomais.ao\/index.php\/wp-json\/wp\/v2\/posts"}],"about":[{"href":"https:\/\/www.radiomais.ao\/index.php\/wp-json\/wp\/v2\/types\/post"}],"author":[{"embeddable":true,"href":"https:\/\/www.radiomais.ao\/index.php\/wp-json\/wp\/v2\/users\/3"}],"replies":[{"embeddable":true,"href":"https:\/\/www.radiomais.ao\/index.php\/wp-json\/wp\/v2\/comments?post=964"}],"version-history":[{"count":1,"href":"https:\/\/www.radiomais.ao\/index.php\/wp-json\/wp\/v2\/posts\/964\/revisions"}],"predecessor-version":[{"id":966,"href":"https:\/\/www.radiomais.ao\/index.php\/wp-json\/wp\/v2\/posts\/964\/revisions\/966"}],"wp:featuredmedia":[{"embeddable":true,"href":"https:\/\/www.radiomais.ao\/index.php\/wp-json\/wp\/v2\/media\/965"}],"wp:attachment":[{"href":"https:\/\/www.radiomais.ao\/index.php\/wp-json\/wp\/v2\/media?parent=964"}],"wp:term":[{"taxonomy":"category","embeddable":true,"href":"https:\/\/www.radiomais.ao\/index.php\/wp-json\/wp\/v2\/categories?post=964"},{"taxonomy":"post_tag","embeddable":true,"href":"https:\/\/www.radiomais.ao\/index.php\/wp-json\/wp\/v2\/tags?post=964"}],"curies":[{"name":"wp","href":"https:\/\/api.w.org\/{rel}","templated":true}]}}